{"id":10029,"date":"2023-09-26T09:41:26","date_gmt":"2023-09-26T12:41:26","guid":{"rendered":"https:\/\/observadorserrano.com.ar\/?p=10029"},"modified":"2023-09-26T09:43:34","modified_gmt":"2023-09-26T12:43:34","slug":"mariano-alfredo-coronel-q-e-p-d-fallecio-en-bahia-blanca-el-25-de-setiembre-de-2023-a-los-62-anos-de-edad","status":"publish","type":"post","link":"https:\/\/observadorserrano.com.ar\/?p=10029","title":{"rendered":"Mariano Alfredo CORONEL &#8211;Q.E.P.D.&#8211;:\u00a0Falleci\u00f3 en Bah\u00eda Blanca el 25 de Setiembre de 2023 a los 62 a\u00f1os de edad"},"content":{"rendered":"<div class=\"pf-content\"><p><b><span lang=\"ES-TRAD\">Mariano Alfredo CORONEL &#8211;Q.E.P.D.&#8211;:\u00a0<\/span><\/b><span lang=\"ES-TRAD\">Falleci\u00f3 en Bah\u00eda Blanca el 25 de Setiembre de 2023 a los 62 a\u00f1os de edad. Su madre Irma VIDELA. Sus hijos Federico y Mariana CORONEL. Su hija pol\u00edtica Mariana D\u00cdAZ. Sus nietos Briana, Mateo, Valentina y Lautaro. Sus hermanos Luis, Silvia, Nancy y M\u00f3nica CORONEL. Su hermano pol\u00edtico Jos\u00e9 ORT\u00cdZ. Sus sobrinos Enzo, Luc\u00eda, Camila, Bruno, Thiago, Isabella, Brisa, Rodrigo y Roc\u00edo. Sus amistades y dem\u00e1s familiares participan su deceso y comunican que sus restos, trasladados a Tornquist, fueron inhumados en la necr\u00f3polis de nuestra localidad. Casa de duelo Uriburu 330, Tornquist. Servicio a cargo de\u00a0<u><\/u>la Cooperativa El\u00e9ctrica<u><\/u>\u00a0Limitada de Tornquist.<\/span><\/p>\n<blockquote class=\"wp-embedded-content\" data-secret=\"yvH6QXEJVh\"><p><a href=\"http:\/\/www.celttv.com.ar\/index.php\/2023\/09\/26\/mariano-alfredo-coronel-q-e-p-d-fallecio-en-bahia-blanca-el-25-de-setiembre-de-2023-a-los-62-anos-de-edad\/\">Mariano Alfredo CORONEL &#8211;Q.E.P.D.&#8211;:\u00a0Falleci\u00f3 en Bah\u00eda Blanca el 25 de Setiembre de 2023 a los 62 a\u00f1os de edad<\/a><\/p><\/blockquote>\n<p><iframe class=\"wp-embedded-content\" sandbox=\"allow-scripts\" security=\"restricted\" style=\"position: absolute; clip: rect(1px, 1px, 1px, 1px);\" title=\"\u00abMariano Alfredo CORONEL &#8211;Q.E.P.D.&#8211;:\u00a0Falleci\u00f3 en Bah\u00eda Blanca el 25 de Setiembre de 2023 a los 62 a\u00f1os de edad\u00bb \u2014 CELTTV\" src=\"http:\/\/www.celttv.com.ar\/index.php\/2023\/09\/26\/mariano-alfredo-coronel-q-e-p-d-fallecio-en-bahia-blanca-el-25-de-setiembre-de-2023-a-los-62-anos-de-edad\/embed\/#?secret=Dkv3qPeN4B#?secret=yvH6QXEJVh\" data-secret=\"yvH6QXEJVh\" width=\"500\" height=\"282\" frameborder=\"0\" marginwidth=\"0\" marginheight=\"0\" scrolling=\"no\"><\/iframe><\/p>\n<p>&nbsp;<\/p>\n<\/div>","protected":false},"excerpt":{"rendered":"<p>Mariano Alfredo CORONEL &#8211;Q.E.P.D.&#8211;:\u00a0Falleci\u00f3 en Bah\u00eda Blanca el 25 de Setiembre de 2023 a los 62 a\u00f1os de edad. Su madre Irma VIDELA. Sus hijos Federico y Mariana CORONEL. Su hija pol\u00edtica Mariana D\u00cdAZ. Sus nietos Briana, Mateo, Valentina y Lautaro. Sus hermanos Luis, Silvia, Nancy y M\u00f3nica CORONEL. Su hermano pol\u00edtico Jos\u00e9 ORT\u00cdZ. Sus [&hellip;]<\/p>\n","protected":false},"author":2,"featured_media":9390,"comment_status":"closed","ping_status":"closed","sticky":false,"template":"","format":"standard","meta":[],"categories":[44],"tags":[],"_links":{"self":[{"href":"https:\/\/observadorserrano.com.ar\/index.php?rest_route=\/wp\/v2\/posts\/10029"}],"collection":[{"href":"https:\/\/observadorserrano.com.ar\/index.php?rest_route=\/wp\/v2\/posts"}],"about":[{"href":"https:\/\/observadorserrano.com.ar\/index.php?rest_route=\/wp\/v2\/types\/post"}],"author":[{"embeddable":true,"href":"https:\/\/observadorserrano.com.ar\/index.php?rest_route=\/wp\/v2\/users\/2"}],"replies":[{"embeddable":true,"href":"https:\/\/observadorserrano.com.ar\/index.php?rest_route=%2Fwp%2Fv2%2Fcomments&post=10029"}],"version-history":[{"count":3,"href":"https:\/\/observadorserrano.com.ar\/index.php?rest_route=\/wp\/v2\/posts\/10029\/revisions"}],"predecessor-version":[{"id":10032,"href":"https:\/\/observadorserrano.com.ar\/index.php?rest_route=\/wp\/v2\/posts\/10029\/revisions\/10032"}],"wp:featuredmedia":[{"embeddable":true,"href":"https:\/\/observadorserrano.com.ar\/index.php?rest_route=\/wp\/v2\/media\/9390"}],"wp:attachment":[{"href":"https:\/\/observadorserrano.com.ar\/index.php?rest_route=%2Fwp%2Fv2%2Fmedia&parent=10029"}],"wp:term":[{"taxonomy":"category","embeddable":true,"href":"https:\/\/observadorserrano.com.ar\/index.php?rest_route=%2Fwp%2Fv2%2Fcategories&post=10029"},{"taxonomy":"post_tag","embeddable":true,"href":"https:\/\/observadorserrano.com.ar\/index.php?rest_route=%2Fwp%2Fv2%2Ftags&post=10029"}],"curies":[{"name":"wp","href":"https:\/\/api.w.org\/{rel}","templated":true}]}}