{"id":10800,"date":"2023-12-23T12:45:00","date_gmt":"2023-12-23T15:45:00","guid":{"rendered":"https:\/\/observadorserrano.com.ar\/?p=10800"},"modified":"2023-12-23T12:45:00","modified_gmt":"2023-12-23T15:45:00","slug":"domingo-24-actualizacion-del-pronostico-de-alerta-amarilla-en-tornquist","status":"publish","type":"post","link":"https:\/\/observadorserrano.com.ar\/?p=10800","title":{"rendered":"Domingo 24: actualizaci\u00f3n del pron\u00f3stico de alerta amarilla en Tornquist"},"content":{"rendered":"<div class=\"pf-content\"><blockquote class=\"wp-embedded-content\" data-secret=\"DRPdWmDjVu\"><p><a href=\"http:\/\/www.celttv.com.ar\/index.php\/2023\/12\/23\/domingo-24-actualizacion-del-pronostico-de-alerta-amarilla-en-tornquist\/\">Domingo 24: actualizaci\u00f3n del pron\u00f3stico de alerta amarilla en Tornquist<\/a><\/p><\/blockquote>\n<p><iframe class=\"wp-embedded-content\" sandbox=\"allow-scripts\" security=\"restricted\" style=\"position: absolute; clip: rect(1px, 1px, 1px, 1px);\" title=\"\u00abDomingo 24: actualizaci\u00f3n del pron\u00f3stico de alerta amarilla en Tornquist\u00bb \u2014 CELTTV\" src=\"http:\/\/www.celttv.com.ar\/index.php\/2023\/12\/23\/domingo-24-actualizacion-del-pronostico-de-alerta-amarilla-en-tornquist\/embed\/#?secret=eEolTBmzbz#?secret=DRPdWmDjVu\" data-secret=\"DRPdWmDjVu\" width=\"500\" height=\"282\" frameborder=\"0\" marginwidth=\"0\" marginheight=\"0\" scrolling=\"no\"><\/iframe><\/p>\n<p>Tornquist Municipio actualiza la informaci\u00f3n sobre el alerta amarillo para este domingo 24, que se mantiene vigente para el distrito.<\/p>\n<p>En ese sentido, se prev\u00e9n tormentas localmente fuertes por la tarde y noche, que estar\u00e1n acompa\u00f1adas por intensa actividad el\u00e9ctrica, fuertes r\u00e1fagas de viento, y ocasional ca\u00edda de granizo. Asimismo, se informa que el Servicio Meteorol\u00f3gico Nacional, envi\u00f3 una nueva notificaci\u00f3n de alerta para la noche del domingo, donde los municipios podr\u00edan ser afectados por vientos del sur con velocidades\u00a0 entre 30 y 45 km\/h, y r\u00e1fagas que pueden superar los 70 km\/h.<\/p>\n<p>Se prev\u00e9n precipitaciones entre 20 y 50 mm acumulados, pudiendo ser superados en puntos determinados.<\/p>\n<p>Se solicita a la comunidad, mantenerse informado a trav\u00e9s de los medios oficiales del Servicio Meteorol\u00f3gico Nacional (www.smn.gob.ar), o de las alertas emitidos por Tornquist Municipio a nivel local.<\/p>\n<p><img loading=\"lazy\" class=\"alignnone wp-image-81076 size-full\" src=\"http:\/\/www.celttv.com.ar\/wp-content\/uploads\/2023\/12\/23-12-viento.jpeg\" alt=\"\" width=\"1142\" height=\"1600\" \/> <img loading=\"lazy\" class=\"alignnone wp-image-81077 size-large\" src=\"http:\/\/www.celttv.com.ar\/wp-content\/uploads\/2023\/12\/23-12-731x1024.jpeg\" alt=\"\" width=\"731\" height=\"1024\" \/> <img loading=\"lazy\" class=\"alignnone wp-image-81078 size-full\" src=\"http:\/\/www.celttv.com.ar\/wp-content\/uploads\/2023\/12\/canalesoficiales-1.jpeg\" alt=\"\" width=\"1081\" height=\"1081\" \/><\/p>\n<\/div>","protected":false},"excerpt":{"rendered":"<p>Domingo 24: actualizaci\u00f3n del pron\u00f3stico de alerta amarilla en Tornquist Tornquist Municipio actualiza la informaci\u00f3n sobre el alerta amarillo para este domingo 24, que se mantiene vigente para el distrito. En ese sentido, se prev\u00e9n tormentas localmente fuertes por la tarde y noche, que estar\u00e1n acompa\u00f1adas por intensa actividad el\u00e9ctrica, fuertes r\u00e1fagas de viento, y [&hellip;]<\/p>\n","protected":false},"author":2,"featured_media":10801,"comment_status":"closed","ping_status":"closed","sticky":false,"template":"","format":"standard","meta":[],"categories":[18,43,45],"tags":[],"_links":{"self":[{"href":"https:\/\/observadorserrano.com.ar\/index.php?rest_route=\/wp\/v2\/posts\/10800"}],"collection":[{"href":"https:\/\/observadorserrano.com.ar\/index.php?rest_route=\/wp\/v2\/posts"}],"about":[{"href":"https:\/\/observadorserrano.com.ar\/index.php?rest_route=\/wp\/v2\/types\/post"}],"author":[{"embeddable":true,"href":"https:\/\/observadorserrano.com.ar\/index.php?rest_route=\/wp\/v2\/users\/2"}],"replies":[{"embeddable":true,"href":"https:\/\/observadorserrano.com.ar\/index.php?rest_route=%2Fwp%2Fv2%2Fcomments&post=10800"}],"version-history":[{"count":1,"href":"https:\/\/observadorserrano.com.ar\/index.php?rest_route=\/wp\/v2\/posts\/10800\/revisions"}],"predecessor-version":[{"id":10802,"href":"https:\/\/observadorserrano.com.ar\/index.php?rest_route=\/wp\/v2\/posts\/10800\/revisions\/10802"}],"wp:featuredmedia":[{"embeddable":true,"href":"https:\/\/observadorserrano.com.ar\/index.php?rest_route=\/wp\/v2\/media\/10801"}],"wp:attachment":[{"href":"https:\/\/observadorserrano.com.ar\/index.php?rest_route=%2Fwp%2Fv2%2Fmedia&parent=10800"}],"wp:term":[{"taxonomy":"category","embeddable":true,"href":"https:\/\/observadorserrano.com.ar\/index.php?rest_route=%2Fwp%2Fv2%2Fcategories&post=10800"},{"taxonomy":"post_tag","embeddable":true,"href":"https:\/\/observadorserrano.com.ar\/index.php?rest_route=%2Fwp%2Fv2%2Ftags&post=10800"}],"curies":[{"name":"wp","href":"https:\/\/api.w.org\/{rel}","templated":true}]}}