{"id":10809,"date":"2023-12-23T22:26:53","date_gmt":"2023-12-24T01:26:53","guid":{"rendered":"https:\/\/observadorserrano.com.ar\/?p=10809"},"modified":"2023-12-23T22:28:33","modified_gmt":"2023-12-24T01:28:33","slug":"domingo-24-el-distrito-estara-en-alerta-naranja","status":"publish","type":"post","link":"https:\/\/observadorserrano.com.ar\/?p=10809","title":{"rendered":"Domingo 24: el distrito estar\u00e1 en alerta naranja"},"content":{"rendered":"<div class=\"pf-content\"><blockquote class=\"wp-embedded-content\" data-secret=\"8Q4bd7ki0N\"><p><a href=\"http:\/\/www.celttv.com.ar\/index.php\/2023\/12\/23\/domingo-24-el-distrito-estara-en-alerta-naranja\/\">Domingo 24: el distrito estar\u00e1 en alerta naranja<\/a><\/p><\/blockquote>\n<p><iframe class=\"wp-embedded-content\" sandbox=\"allow-scripts\" security=\"restricted\" style=\"position: absolute; clip: rect(1px, 1px, 1px, 1px);\" title=\"\u00abDomingo 24: el distrito estar\u00e1 en alerta naranja\u00bb \u2014 CELTTV\" src=\"http:\/\/www.celttv.com.ar\/index.php\/2023\/12\/23\/domingo-24-el-distrito-estara-en-alerta-naranja\/embed\/#?secret=U3Jn5NoMVL#?secret=8Q4bd7ki0N\" data-secret=\"8Q4bd7ki0N\" width=\"500\" height=\"282\" frameborder=\"0\" marginwidth=\"0\" marginheight=\"0\" scrolling=\"no\"><\/iframe><\/p>\n<p><strong>Domingo 24: el distrito estar\u00e1 en alerta naranja<\/strong><\/p>\n<p>Tornquist Municipio informa que el Servicio Meteorol\u00f3gico Nacional, actualiz\u00f3 el alerta emitido para este domingo, y el mismo pas\u00f3 a color naranja para todo el distrito.<\/p>\n<p>En ese sentido, se prev\u00e9n tormentas localmente fuerteso severas por la tarde y noche, que estar\u00e1n acompa\u00f1adas por intensa actividad el\u00e9ctrica, fuertes r\u00e1fagas de viento entre 50 y 60km\/h, ocasional ca\u00edda de granizo y abundante ca\u00edda de agua en periodos cortos de tiempo.<\/p>\n<p>Se prev\u00e9n precipitaciones entre 40 y 60 mm acumulados, pudiendo ser superados hasta 80mm en puntos determinados.<\/p>\n<p>Se solicita a la comunidad, mantenerse informado a trav\u00e9s de los medios oficiales del Servicio Meteorol\u00f3gico Nacional (www.smn.gob.ar), o de las alertas emitidos por Tornquist Municipio a nivel local. Se seguir\u00e1n de cerca las notificaciones para mantener informada a la comunidad en las pr\u00f3ximas horas.<\/p>\n<p><img loading=\"lazy\" class=\"alignnone wp-image-81083 size-full\" src=\"http:\/\/www.celttv.com.ar\/wp-content\/uploads\/2023\/12\/23-12-naranja.jpeg\" alt=\"\" width=\"1142\" height=\"1600\" \/><\/p>\n<\/div>","protected":false},"excerpt":{"rendered":"<p>Domingo 24: el distrito estar\u00e1 en alerta naranja Domingo 24: el distrito estar\u00e1 en alerta naranja Tornquist Municipio informa que el Servicio Meteorol\u00f3gico Nacional, actualiz\u00f3 el alerta emitido para este domingo, y el mismo pas\u00f3 a color naranja para todo el distrito. En ese sentido, se prev\u00e9n tormentas localmente fuerteso severas por la tarde y [&hellip;]<\/p>\n","protected":false},"author":2,"featured_media":10811,"comment_status":"closed","ping_status":"closed","sticky":false,"template":"","format":"standard","meta":[],"categories":[43,45],"tags":[],"_links":{"self":[{"href":"https:\/\/observadorserrano.com.ar\/index.php?rest_route=\/wp\/v2\/posts\/10809"}],"collection":[{"href":"https:\/\/observadorserrano.com.ar\/index.php?rest_route=\/wp\/v2\/posts"}],"about":[{"href":"https:\/\/observadorserrano.com.ar\/index.php?rest_route=\/wp\/v2\/types\/post"}],"author":[{"embeddable":true,"href":"https:\/\/observadorserrano.com.ar\/index.php?rest_route=\/wp\/v2\/users\/2"}],"replies":[{"embeddable":true,"href":"https:\/\/observadorserrano.com.ar\/index.php?rest_route=%2Fwp%2Fv2%2Fcomments&post=10809"}],"version-history":[{"count":1,"href":"https:\/\/observadorserrano.com.ar\/index.php?rest_route=\/wp\/v2\/posts\/10809\/revisions"}],"predecessor-version":[{"id":10810,"href":"https:\/\/observadorserrano.com.ar\/index.php?rest_route=\/wp\/v2\/posts\/10809\/revisions\/10810"}],"wp:featuredmedia":[{"embeddable":true,"href":"https:\/\/observadorserrano.com.ar\/index.php?rest_route=\/wp\/v2\/media\/10811"}],"wp:attachment":[{"href":"https:\/\/observadorserrano.com.ar\/index.php?rest_route=%2Fwp%2Fv2%2Fmedia&parent=10809"}],"wp:term":[{"taxonomy":"category","embeddable":true,"href":"https:\/\/observadorserrano.com.ar\/index.php?rest_route=%2Fwp%2Fv2%2Fcategories&post=10809"},{"taxonomy":"post_tag","embeddable":true,"href":"https:\/\/observadorserrano.com.ar\/index.php?rest_route=%2Fwp%2Fv2%2Ftags&post=10809"}],"curies":[{"name":"wp","href":"https:\/\/api.w.org\/{rel}","templated":true}]}}