{"id":10838,"date":"2023-12-27T17:33:43","date_gmt":"2023-12-27T20:33:43","guid":{"rendered":"https:\/\/observadorserrano.com.ar\/?p=10838"},"modified":"2023-12-27T17:33:43","modified_gmt":"2023-12-27T20:33:43","slug":"hcd-convocatoria-a-concejales-y-mayores-contribuyentes","status":"publish","type":"post","link":"https:\/\/observadorserrano.com.ar\/?p=10838","title":{"rendered":"HCD.: Convocatoria a Concejales y Mayores Contribuyentes"},"content":{"rendered":"<div class=\"pf-content\"><blockquote class=\"wp-embedded-content\" data-secret=\"hxyp299f85\"><p><a href=\"http:\/\/www.celttv.com.ar\/index.php\/2023\/12\/27\/hcd-convocatoria-a-concejales-y-mayores-contribuyentes\/\">HCD.: Convocatoria a Concejales y Mayores Contribuyentes<\/a><\/p><\/blockquote>\n<p><iframe class=\"wp-embedded-content\" sandbox=\"allow-scripts\" security=\"restricted\" style=\"position: absolute; clip: rect(1px, 1px, 1px, 1px);\" title=\"\u00abHCD.: Convocatoria a Concejales y Mayores Contribuyentes\u00bb \u2014 CELTTV\" src=\"http:\/\/www.celttv.com.ar\/index.php\/2023\/12\/27\/hcd-convocatoria-a-concejales-y-mayores-contribuyentes\/embed\/#?secret=X6e16svcJi#?secret=hxyp299f85\" data-secret=\"hxyp299f85\" width=\"500\" height=\"282\" frameborder=\"0\" marginwidth=\"0\" marginheight=\"0\" scrolling=\"no\"><\/iframe><\/p>\n<p><strong><u>DECRETO N\u00ba 24\/23<\/u><\/strong><\/p>\n<p><strong><u>\u00a0<\/u><\/strong><\/p>\n<p><strong><u>VISTO:<\/u><\/strong><\/p>\n<p>&nbsp;<\/p>\n<p>Las facultades otorgadas al Presidente del Honorable Concejo Deliberante por el Art\u00edculo 98\u00ba de la Ley Org\u00e1nica de las Municipalidades, y;<\/p>\n<p>&nbsp;<\/p>\n<p><strong><u>CONSIDERANDO:<\/u><\/strong><\/p>\n<p>&nbsp;<\/p>\n<p>Que el mencionado Art\u00edculo establece la obligatoriedad para quien suscribe, de convocar a los Sres. Concejales y a los Mayores Contribuyentes a constituirse en Asamblea.<\/p>\n<p>Que conforme las disposiciones del Art\u00edculo 29\u00ba, inciso 2) de la citada norma, este Cuerpo Deliberativo ha sancionado la Ordenanza Preparatoria N\u00ba 3730\/23 (Expte. N\u00ba 390\/23, caratulado: \u201c- Proyecto de Ordenanza C\u00f3digo Tributario Municipal \u2013 Ejercicio 2024\u201d.-)<\/p>\n<p>Que en el cumplimiento de los plazos y los procedimientos previstos, corresponde determinar la fecha de constituci\u00f3n de la Asamblea.<\/p>\n<p>&nbsp;<\/p>\n<p><strong><u>POR ELLO:<\/u><\/strong><\/p>\n<p>&nbsp;<\/p>\n<p><strong>LA PRESIDENTE DEL HONORABLE CONCEJO DELIBERANTE<\/strong><\/p>\n<p><strong>En uso de sus facultades<\/strong><\/p>\n<p><strong><u>DECRETA<\/u><\/strong><\/p>\n<p><strong><u>\u00a0<\/u><\/strong><\/p>\n<p><strong><u>ART\u00cdCULO 1\u00ba:<\/u><\/strong> Conv\u00f3case a los Sres. Concejales y a los Mayores Contribuyentes\u00a0 integrantes de la Lista conformada por Decreto N\u00b0 749\/23 del Departamento Ejecutivo, a constituirse en Asamblea.-<\/p>\n<p>&nbsp;<\/p>\n<p><strong><u>ART\u00cdCULO 2\u00ba:<\/u><\/strong> Fijase la Convocatoria, para el d\u00eda 28 de diciembre de 2023 a la hora: 19:00.-<\/p>\n<p><strong><u>\u00a0<\/u><\/strong><\/p>\n<p><strong><u>ART\u00cdCULO 3\u00ba:<\/u><\/strong> El Orden del D\u00eda de la Asamblea, estar\u00e1 conformado por el siguiente tema:<\/p>\n<p>&nbsp;<\/p>\n<ul>\n<li><strong><u>#Expte. <\/u><\/strong><strong><u>N\u00ba 390\/23:<\/u><\/strong> &#8211; Proyecto de Ordenanza C\u00f3digo Tributario Municipal \u2013 Ejercicio 2024.-<\/li>\n<\/ul>\n<p>&nbsp;<\/p>\n<p><strong><u>ART\u00cdCULO 4\u00ba:<\/u><\/strong> Notif\u00edquese el presente a los Mayores Contribuyentes en sus domicilios; Comun\u00edquese a los Sres. Concejales y al Departamento Ejecutivo; Dese a Publicidad; Reg\u00edstrese y cumplido, ARCHIVESE.-<\/p>\n<p>&nbsp;<\/p>\n<p>&nbsp;<\/p>\n<p>Tornquist, 20 de diciembre de 2023<\/p>\n<p>&nbsp;<\/p>\n<p><strong>\u00a0<\/strong><\/p>\n<p><strong>\u00a0<\/strong><\/p>\n<p><strong>\u00a0<\/strong><\/p>\n<p>&nbsp;<\/p>\n<p><strong>\u00a0\u00a0\u00a0\u00a0\u00a0\u00a0\u00a0\u00a0\u00a0\u00a0 \u00a0\u00a0\u00a0\u00a0\u00a0\u00a0Juliana C. Sgammini\u00a0\u00a0\u00a0\u00a0\u00a0\u00a0\u00a0\u00a0\u00a0\u00a0\u00a0\u00a0\u00a0\u00a0\u00a0\u00a0\u00a0\u00a0\u00a0\u00a0\u00a0\u00a0\u00a0\u00a0 \u00a0\u00a0\u00a0\u00a0\u00a0\u00a0\u00a0\u00a0\u00a0\u00a0\u00a0\u00a0\u00a0Carmen B. Soverchia <\/strong><\/p>\n<p><strong>\u00a0\u00a0\u00a0\u00a0\u00a0\u00a0\u00a0 \u00a0\u00a0\u00a0\u00a0\u00a0\u00a0\u00a0\u00a0\u00a0\u00a0\u00a0\u00a0\u00a0\u00a0\u00a0\u00a0\u00a0\u00a0Secretaria\u00a0\u00a0\u00a0\u00a0\u00a0\u00a0\u00a0\u00a0\u00a0\u00a0\u00a0 \u00a0\u00a0\u00a0\u00a0\u00a0\u00a0\u00a0\u00a0\u00a0\u00a0\u00a0\u00a0\u00a0\u00a0\u00a0\u00a0\u00a0\u00a0\u00a0\u00a0\u00a0\u00a0\u00a0\u00a0\u00a0\u00a0\u00a0\u00a0\u00a0\u00a0\u00a0\u00a0\u00a0\u00a0\u00a0\u00a0\u00a0\u00a0\u00a0\u00a0\u00a0\u00a0\u00a0\u00a0\u00a0Presidente <\/strong><\/p>\n<p><strong>\u00a0\u00a0\u00a0\u00a0\u00a0\u00a0\u00a0\u00a0\u00a0\u00a0\u00a0\u00a0 \u00a0\u00a0\u00a0\u00a0\u00a0\u00a0\u00a0\u00a0\u00a0\u00a0\u00a0\u00a0\u00a0\u00a0\u00a0\u00a0\u00a0H.C.D.\u00a0\u00a0\u00a0\u00a0\u00a0\u00a0\u00a0\u00a0\u00a0\u00a0\u00a0\u00a0\u00a0\u00a0\u00a0\u00a0\u00a0\u00a0\u00a0\u00a0\u00a0\u00a0\u00a0\u00a0\u00a0\u00a0\u00a0\u00a0\u00a0\u00a0\u00a0\u00a0 \u00a0\u00a0\u00a0\u00a0\u00a0\u00a0\u00a0\u00a0\u00a0\u00a0\u00a0\u00a0\u00a0\u00a0\u00a0\u00a0\u00a0\u00a0\u00a0\u00a0\u00a0\u00a0\u00a0\u00a0\u00a0\u00a0\u00a0\u00a0\u00a0\u00a0\u00a0\u00a0H.C.D.<\/strong><\/p>\n<p>&nbsp;<\/p>\n<p>&nbsp;<\/p>\n<p>&nbsp;<\/p>\n<p>&nbsp;<\/p>\n<p>&nbsp;<\/p>\n<\/div>","protected":false},"excerpt":{"rendered":"<p>HCD.: Convocatoria a Concejales y Mayores Contribuyentes DECRETO N\u00ba 24\/23 \u00a0 VISTO: &nbsp; Las facultades otorgadas al Presidente del Honorable Concejo Deliberante por el Art\u00edculo 98\u00ba de la Ley Org\u00e1nica de las Municipalidades, y; &nbsp; CONSIDERANDO: &nbsp; Que el mencionado Art\u00edculo establece la obligatoriedad para quien suscribe, de convocar a los Sres. Concejales y a [&hellip;]<\/p>\n","protected":false},"author":2,"featured_media":10839,"comment_status":"closed","ping_status":"closed","sticky":false,"template":"","format":"standard","meta":[],"categories":[43,45,11],"tags":[],"_links":{"self":[{"href":"https:\/\/observadorserrano.com.ar\/index.php?rest_route=\/wp\/v2\/posts\/10838"}],"collection":[{"href":"https:\/\/observadorserrano.com.ar\/index.php?rest_route=\/wp\/v2\/posts"}],"about":[{"href":"https:\/\/observadorserrano.com.ar\/index.php?rest_route=\/wp\/v2\/types\/post"}],"author":[{"embeddable":true,"href":"https:\/\/observadorserrano.com.ar\/index.php?rest_route=\/wp\/v2\/users\/2"}],"replies":[{"embeddable":true,"href":"https:\/\/observadorserrano.com.ar\/index.php?rest_route=%2Fwp%2Fv2%2Fcomments&post=10838"}],"version-history":[{"count":1,"href":"https:\/\/observadorserrano.com.ar\/index.php?rest_route=\/wp\/v2\/posts\/10838\/revisions"}],"predecessor-version":[{"id":10840,"href":"https:\/\/observadorserrano.com.ar\/index.php?rest_route=\/wp\/v2\/posts\/10838\/revisions\/10840"}],"wp:featuredmedia":[{"embeddable":true,"href":"https:\/\/observadorserrano.com.ar\/index.php?rest_route=\/wp\/v2\/media\/10839"}],"wp:attachment":[{"href":"https:\/\/observadorserrano.com.ar\/index.php?rest_route=%2Fwp%2Fv2%2Fmedia&parent=10838"}],"wp:term":[{"taxonomy":"category","embeddable":true,"href":"https:\/\/observadorserrano.com.ar\/index.php?rest_route=%2Fwp%2Fv2%2Fcategories&post=10838"},{"taxonomy":"post_tag","embeddable":true,"href":"https:\/\/observadorserrano.com.ar\/index.php?rest_route=%2Fwp%2Fv2%2Ftags&post=10838"}],"curies":[{"name":"wp","href":"https:\/\/api.w.org\/{rel}","templated":true}]}}