{"id":11057,"date":"2024-02-19T18:03:16","date_gmt":"2024-02-19T21:03:16","guid":{"rendered":"https:\/\/observadorserrano.com.ar\/?p=11057"},"modified":"2024-02-19T18:05:13","modified_gmt":"2024-02-19T21:05:13","slug":"la-nueva-edicion-del-patio-cervecero-reunio-a-mas-de-700-personas-videos-y-notas","status":"publish","type":"post","link":"https:\/\/observadorserrano.com.ar\/?p=11057","title":{"rendered":"La nueva edici\u00f3n del Patio Cervecero reuni\u00f3 a mas de 700 personas  (videos y notas)"},"content":{"rendered":"<div class=\"pf-content\"><p>La Sociedad Germ\u00e1nica de Tornquist realiz\u00f3 con \u00e9xito el tradicional patio cervecero.<\/p>\n<p>La edici\u00f3n N\u00ba 11 de la ya tradicional fiesta reuni\u00f3 a mas de 700 personas, no solamente\u00a0 de Tornquist, sino que adem\u00e1s llegaron desde varios lugares de la regi\u00f3n, la provincia, el pa\u00eds incluso del exterior.<\/p>\n<p>Como siempre estuvieron presente los &#8220;manjares&#8221; de la habitual gastronom\u00eda alemana y, lo m\u00e1s convocante, la cerveza artesanal, cuyos propietarios charlaron con CELTTV Noticias-<\/p>\n<p>Mart\u00edn \u201cTato\u201d Keller y Ricardo Scharff tuvieron a su cargo las palabras de bienvenida.<\/p>\n<p>El desfile tradicional con las banderas de alemania, suiza y Austria que simboliza a la sociedad germ\u00e1nica, tuvo su presentaci\u00f3n acompa\u00f1ada por los m\u00fasicos de grupo Astral, con su gran repertorio.<\/p>\n<p>La tradicional \u201cPolonesa\u201d la bailaron los integrantes y allegados a la instituci\u00f3n.<\/p>\n<p>Y siguiendo con las tradiciones lleg\u00f3 el momento del &#8221; specher de la cerveza&#8221;.En el momento indicado\u00a0 el golpe de martillo al barril hizo que muchos pusieran sus vasos para compartir la cerveza helada.<\/p>\n<p>Otra estupenda noche con la 11\u00ba\u00a0 edici\u00f3n de la tradicional fiesta que, sin dudas, ocupa ya un lugar preponderante en el calendario de actividades sociales y tur\u00edsticas de nuestra comarca.<\/p>\n<p>&nbsp;<\/p>\n<div class=\"jeg_video_container jeg_video_content\"><iframe loading=\"lazy\" title=\"2024 02 19 PATIO CERVECERO 1   BANDERAS Y BIENVENIDA DE MARTIN KELLER Y RICARDO SCHARFF\" width=\"500\" height=\"281\" src=\"https:\/\/www.youtube.com\/embed\/SAfDKiSYJHU?feature=oembed\" frameborder=\"0\" allow=\"accelerometer; autoplay; clipboard-write; encrypted-media; gyroscope; picture-in-picture; web-share\" allowfullscreen><\/iframe><\/div>\n<div class=\"jeg_video_container jeg_video_content\"><iframe loading=\"lazy\" title=\"2024 02 19 PATIO CERVECERO 2   NOTA A MART\u00cdN KELLER\" width=\"500\" height=\"281\" src=\"https:\/\/www.youtube.com\/embed\/wKQxKlpsXuM?feature=oembed\" frameborder=\"0\" allow=\"accelerometer; autoplay; clipboard-write; encrypted-media; gyroscope; picture-in-picture; web-share\" allowfullscreen><\/iframe><\/div>\n<div class=\"jeg_video_container jeg_video_content\"><iframe loading=\"lazy\" title=\"2024 02 19 PATIO CERVECERO 3   NOTA A ARANZA KELLER\" width=\"500\" height=\"281\" src=\"https:\/\/www.youtube.com\/embed\/TQqN-ixtBYo?feature=oembed\" frameborder=\"0\" allow=\"accelerometer; autoplay; clipboard-write; encrypted-media; gyroscope; picture-in-picture; web-share\" allowfullscreen><\/iframe><\/div>\n<div class=\"jeg_video_container jeg_video_content\"><iframe loading=\"lazy\" title=\"2024 02 19 PATIO CERVECERO 4   NOTA A GRACIELA DEL PO\" width=\"500\" height=\"281\" src=\"https:\/\/www.youtube.com\/embed\/nhPdw1QEB7Y?feature=oembed\" frameborder=\"0\" allow=\"accelerometer; autoplay; clipboard-write; encrypted-media; gyroscope; picture-in-picture; web-share\" allowfullscreen><\/iframe><\/div>\n<div class=\"jeg_video_container jeg_video_content\"><iframe loading=\"lazy\" title=\"2024 02 19 PATIO CERVECERO 5   NOTA A DANIELA AGUILAR\" width=\"500\" height=\"281\" src=\"https:\/\/www.youtube.com\/embed\/55VTHioolaw?feature=oembed\" frameborder=\"0\" allow=\"accelerometer; autoplay; clipboard-write; encrypted-media; gyroscope; picture-in-picture; web-share\" allowfullscreen><\/iframe><\/div>\n<div class=\"jeg_video_container jeg_video_content\"><iframe loading=\"lazy\" title=\"2024 02 19 PATIO CERVECERO 6   NOTA A ENRIQUE ALESSANDRINI\" width=\"500\" height=\"281\" src=\"https:\/\/www.youtube.com\/embed\/z_VkyxXC0rY?feature=oembed\" frameborder=\"0\" allow=\"accelerometer; autoplay; clipboard-write; encrypted-media; gyroscope; picture-in-picture; web-share\" allowfullscreen><\/iframe><\/div>\n<div class=\"jeg_video_container jeg_video_content\"><iframe loading=\"lazy\" title=\"2024 02 19 PATIO CERVECERO 7   NOTA A VECINOS Y TURISTAS\" width=\"500\" height=\"281\" src=\"https:\/\/www.youtube.com\/embed\/r61ZUJNUGD0?feature=oembed\" frameborder=\"0\" allow=\"accelerometer; autoplay; clipboard-write; encrypted-media; gyroscope; picture-in-picture; web-share\" allowfullscreen><\/iframe><\/div>\n<div class=\"jeg_video_container jeg_video_content\"><iframe loading=\"lazy\" title=\"2024 02 19 PATIO CERVECERO 8   NOTA A JOAQUIN SERAFINI CERVEZA SURE\u00d1A\" width=\"500\" height=\"281\" src=\"https:\/\/www.youtube.com\/embed\/C5prIIiqvJI?feature=oembed\" frameborder=\"0\" allow=\"accelerometer; autoplay; clipboard-write; encrypted-media; gyroscope; picture-in-picture; web-share\" allowfullscreen><\/iframe><\/div>\n<div class=\"jeg_video_container jeg_video_content\"><iframe loading=\"lazy\" title=\"2024 02 19 PATIO CERVECERO 9   NOTA A MANUEL CONDE CERVEZA ELENA X\" width=\"500\" height=\"281\" src=\"https:\/\/www.youtube.com\/embed\/1xlvEiZ2iBA?feature=oembed\" frameborder=\"0\" allow=\"accelerometer; autoplay; clipboard-write; encrypted-media; gyroscope; picture-in-picture; web-share\" allowfullscreen><\/iframe><\/div>\n<div class=\"jeg_video_container jeg_video_content\"><iframe loading=\"lazy\" title=\"2024 02 19 PATIO CERVECERO 10   NOTA A MARCELO CABODEVILLA CERVEZA MERIDIANO QUINTO\" width=\"500\" height=\"281\" src=\"https:\/\/www.youtube.com\/embed\/XqyDDbow474?feature=oembed\" frameborder=\"0\" allow=\"accelerometer; autoplay; clipboard-write; encrypted-media; gyroscope; picture-in-picture; web-share\" allowfullscreen><\/iframe><\/div>\n<div class=\"jeg_video_container jeg_video_content\"><iframe loading=\"lazy\" title=\"2024 02 19 PATIO CERVECERO 11   INTEGRANTES DE LA SOCIEDAD GERM\u00c1NICA BAILAN LA POLONESA\" width=\"500\" height=\"281\" src=\"https:\/\/www.youtube.com\/embed\/T8tu-cxKXdc?feature=oembed\" frameborder=\"0\" allow=\"accelerometer; autoplay; clipboard-write; encrypted-media; gyroscope; picture-in-picture; web-share\" allowfullscreen><\/iframe><\/div>\n<div class=\"jeg_video_container jeg_video_content\"><iframe loading=\"lazy\" title=\"2024 02 19 PATIO CERVECERO 12   ESPICHE DE LA CERVEZA\" width=\"500\" height=\"281\" src=\"https:\/\/www.youtube.com\/embed\/nS5nOZEsHOE?feature=oembed\" frameborder=\"0\" allow=\"accelerometer; autoplay; clipboard-write; encrypted-media; gyroscope; picture-in-picture; web-share\" allowfullscreen><\/iframe><\/div>\n<p>Videos: CELTTV Noticias<\/p>\n<\/div>","protected":false},"excerpt":{"rendered":"<p>La Sociedad Germ\u00e1nica de Tornquist realiz\u00f3 con \u00e9xito el tradicional patio cervecero. La edici\u00f3n N\u00ba 11 de la ya tradicional fiesta reuni\u00f3 a mas de 700 personas, no solamente\u00a0 de Tornquist, sino que adem\u00e1s llegaron desde varios lugares de la regi\u00f3n, la provincia, el pa\u00eds incluso del exterior. Como siempre estuvieron presente los &#8220;manjares&#8221; de [&hellip;]<\/p>\n","protected":false},"author":2,"featured_media":11059,"comment_status":"closed","ping_status":"closed","sticky":false,"template":"","format":"standard","meta":[],"categories":[18,43,20,9],"tags":[],"_links":{"self":[{"href":"https:\/\/observadorserrano.com.ar\/index.php?rest_route=\/wp\/v2\/posts\/11057"}],"collection":[{"href":"https:\/\/observadorserrano.com.ar\/index.php?rest_route=\/wp\/v2\/posts"}],"about":[{"href":"https:\/\/observadorserrano.com.ar\/index.php?rest_route=\/wp\/v2\/types\/post"}],"author":[{"embeddable":true,"href":"https:\/\/observadorserrano.com.ar\/index.php?rest_route=\/wp\/v2\/users\/2"}],"replies":[{"embeddable":true,"href":"https:\/\/observadorserrano.com.ar\/index.php?rest_route=%2Fwp%2Fv2%2Fcomments&post=11057"}],"version-history":[{"count":1,"href":"https:\/\/observadorserrano.com.ar\/index.php?rest_route=\/wp\/v2\/posts\/11057\/revisions"}],"predecessor-version":[{"id":11058,"href":"https:\/\/observadorserrano.com.ar\/index.php?rest_route=\/wp\/v2\/posts\/11057\/revisions\/11058"}],"wp:featuredmedia":[{"embeddable":true,"href":"https:\/\/observadorserrano.com.ar\/index.php?rest_route=\/wp\/v2\/media\/11059"}],"wp:attachment":[{"href":"https:\/\/observadorserrano.com.ar\/index.php?rest_route=%2Fwp%2Fv2%2Fmedia&parent=11057"}],"wp:term":[{"taxonomy":"category","embeddable":true,"href":"https:\/\/observadorserrano.com.ar\/index.php?rest_route=%2Fwp%2Fv2%2Fcategories&post=11057"},{"taxonomy":"post_tag","embeddable":true,"href":"https:\/\/observadorserrano.com.ar\/index.php?rest_route=%2Fwp%2Fv2%2Ftags&post=11057"}],"curies":[{"name":"wp","href":"https:\/\/api.w.org\/{rel}","templated":true}]}}