{"id":11103,"date":"2024-03-21T17:21:47","date_gmt":"2024-03-21T20:21:47","guid":{"rendered":"https:\/\/observadorserrano.com.ar\/?p=11103"},"modified":"2024-03-21T17:21:47","modified_gmt":"2024-03-21T20:21:47","slug":"continua-el-despeje-de-ramas-en-villa-ventana-para-la-instalacion-de-lineas-de-fibra-optica","status":"publish","type":"post","link":"https:\/\/observadorserrano.com.ar\/?p=11103","title":{"rendered":"Contin\u00faa el despeje de ramas en Villa Ventana para la instalaci\u00f3n de l\u00edneas de fibra \u00f3ptica"},"content":{"rendered":"<div class=\"pf-content\"><p>https:\/\/www.celttv.com.ar\/index.php\/2024\/03\/21\/continua-el-despeje-de-ramas-en-villa-ventana-para-la-instalacion-de-lineas-de-fibra-optica\/<\/p>\n<p><strong>Contin\u00faa el despeje de ramas en Villa Ventana para la instalaci\u00f3n de l\u00edneas de fibra \u00f3ptica<\/strong><\/p>\n<p>El \u00e1rea de arbolado p\u00fablico de Tornquist Municipio, en conjunto con la Cooperativa El\u00e9ctrica Limitada de Tornquist, contin\u00faa con las tareas de despeje de ramas sobre el tendido el\u00e9ctrico de Villa Ventana.<\/p>\n<p>Los trabajos son necesarios para avanzar con la instalaci\u00f3n de la l\u00ednea de fibra \u00f3ptica y, as\u00ed, brindar una soluci\u00f3n a la problem\u00e1tica de conectividad que presenta la localidad.<\/p>\n<p>En ese sentido, se solicita a los vecinos transitar con precauci\u00f3n por los sectores donde se encuentran trabajando los operarios de las dependencias mencionadas.<\/p>\n<p><img loading=\"lazy\" class=\"alignnone size-full wp-image-11104\" src=\"https:\/\/observadorserrano.com.ar\/wp-content\/uploads\/2024\/03\/IMG_1951-Medium.jpg\" alt=\"\" width=\"1152\" height=\"768\" srcset=\"https:\/\/observadorserrano.com.ar\/wp-content\/uploads\/2024\/03\/IMG_1951-Medium.jpg 1152w, https:\/\/observadorserrano.com.ar\/wp-content\/uploads\/2024\/03\/IMG_1951-Medium-300x200.jpg 300w, https:\/\/observadorserrano.com.ar\/wp-content\/uploads\/2024\/03\/IMG_1951-Medium-768x512.jpg 768w, https:\/\/observadorserrano.com.ar\/wp-content\/uploads\/2024\/03\/IMG_1951-Medium-1024x683.jpg 1024w, https:\/\/observadorserrano.com.ar\/wp-content\/uploads\/2024\/03\/IMG_1951-Medium-525x350.jpg 525w, https:\/\/observadorserrano.com.ar\/wp-content\/uploads\/2024\/03\/IMG_1951-Medium-450x300.jpg 450w, https:\/\/observadorserrano.com.ar\/wp-content\/uploads\/2024\/03\/IMG_1951-Medium-750x500.jpg 750w, https:\/\/observadorserrano.com.ar\/wp-content\/uploads\/2024\/03\/IMG_1951-Medium-1140x760.jpg 1140w\" sizes=\"(max-width: 1152px) 100vw, 1152px\" \/> <img loading=\"lazy\" class=\"alignnone size-noticia-750\u00d7350-recortada wp-image-11105\" src=\"https:\/\/observadorserrano.com.ar\/wp-content\/uploads\/2024\/03\/IMG_1952-Medium.jpg\" alt=\"\" width=\"1152\" height=\"768\" srcset=\"https:\/\/observadorserrano.com.ar\/wp-content\/uploads\/2024\/03\/IMG_1952-Medium.jpg 1152w, https:\/\/observadorserrano.com.ar\/wp-content\/uploads\/2024\/03\/IMG_1952-Medium-300x200.jpg 300w, https:\/\/observadorserrano.com.ar\/wp-content\/uploads\/2024\/03\/IMG_1952-Medium-768x512.jpg 768w, https:\/\/observadorserrano.com.ar\/wp-content\/uploads\/2024\/03\/IMG_1952-Medium-1024x683.jpg 1024w, https:\/\/observadorserrano.com.ar\/wp-content\/uploads\/2024\/03\/IMG_1952-Medium-525x350.jpg 525w, https:\/\/observadorserrano.com.ar\/wp-content\/uploads\/2024\/03\/IMG_1952-Medium-450x300.jpg 450w, https:\/\/observadorserrano.com.ar\/wp-content\/uploads\/2024\/03\/IMG_1952-Medium-750x500.jpg 750w, https:\/\/observadorserrano.com.ar\/wp-content\/uploads\/2024\/03\/IMG_1952-Medium-1140x760.jpg 1140w\" sizes=\"(max-width: 1152px) 100vw, 1152px\" \/> <img loading=\"lazy\" class=\"alignnone size-noticia-750\u00d7350-recortada wp-image-11106\" src=\"https:\/\/observadorserrano.com.ar\/wp-content\/uploads\/2024\/03\/IMG_1954-Medium.jpg\" alt=\"\" width=\"768\" height=\"1152\" srcset=\"https:\/\/observadorserrano.com.ar\/wp-content\/uploads\/2024\/03\/IMG_1954-Medium.jpg 768w, https:\/\/observadorserrano.com.ar\/wp-content\/uploads\/2024\/03\/IMG_1954-Medium-200x300.jpg 200w, https:\/\/observadorserrano.com.ar\/wp-content\/uploads\/2024\/03\/IMG_1954-Medium-683x1024.jpg 683w, https:\/\/observadorserrano.com.ar\/wp-content\/uploads\/2024\/03\/IMG_1954-Medium-233x350.jpg 233w, https:\/\/observadorserrano.com.ar\/wp-content\/uploads\/2024\/03\/IMG_1954-Medium-750x1125.jpg 750w\" sizes=\"(max-width: 768px) 100vw, 768px\" \/><\/p>\n<\/div>","protected":false},"excerpt":{"rendered":"<p>https:\/\/www.celttv.com.ar\/index.php\/2024\/03\/21\/continua-el-despeje-de-ramas-en-villa-ventana-para-la-instalacion-de-lineas-de-fibra-optica\/ Contin\u00faa el despeje de ramas en Villa Ventana para la instalaci\u00f3n de l\u00edneas de fibra \u00f3ptica El \u00e1rea de arbolado p\u00fablico de Tornquist Municipio, en conjunto con la Cooperativa El\u00e9ctrica Limitada de Tornquist, contin\u00faa con las tareas de despeje de ramas sobre el tendido el\u00e9ctrico de Villa Ventana. Los trabajos son necesarios para avanzar [&hellip;]<\/p>\n","protected":false},"author":2,"featured_media":11104,"comment_status":"closed","ping_status":"closed","sticky":false,"template":"","format":"standard","meta":[],"categories":[18,43,45],"tags":[],"_links":{"self":[{"href":"https:\/\/observadorserrano.com.ar\/index.php?rest_route=\/wp\/v2\/posts\/11103"}],"collection":[{"href":"https:\/\/observadorserrano.com.ar\/index.php?rest_route=\/wp\/v2\/posts"}],"about":[{"href":"https:\/\/observadorserrano.com.ar\/index.php?rest_route=\/wp\/v2\/types\/post"}],"author":[{"embeddable":true,"href":"https:\/\/observadorserrano.com.ar\/index.php?rest_route=\/wp\/v2\/users\/2"}],"replies":[{"embeddable":true,"href":"https:\/\/observadorserrano.com.ar\/index.php?rest_route=%2Fwp%2Fv2%2Fcomments&post=11103"}],"version-history":[{"count":2,"href":"https:\/\/observadorserrano.com.ar\/index.php?rest_route=\/wp\/v2\/posts\/11103\/revisions"}],"predecessor-version":[{"id":11108,"href":"https:\/\/observadorserrano.com.ar\/index.php?rest_route=\/wp\/v2\/posts\/11103\/revisions\/11108"}],"wp:featuredmedia":[{"embeddable":true,"href":"https:\/\/observadorserrano.com.ar\/index.php?rest_route=\/wp\/v2\/media\/11104"}],"wp:attachment":[{"href":"https:\/\/observadorserrano.com.ar\/index.php?rest_route=%2Fwp%2Fv2%2Fmedia&parent=11103"}],"wp:term":[{"taxonomy":"category","embeddable":true,"href":"https:\/\/observadorserrano.com.ar\/index.php?rest_route=%2Fwp%2Fv2%2Fcategories&post=11103"},{"taxonomy":"post_tag","embeddable":true,"href":"https:\/\/observadorserrano.com.ar\/index.php?rest_route=%2Fwp%2Fv2%2Ftags&post=11103"}],"curies":[{"name":"wp","href":"https:\/\/api.w.org\/{rel}","templated":true}]}}