{"id":11109,"date":"2024-03-21T18:20:40","date_gmt":"2024-03-21T21:20:40","guid":{"rendered":"https:\/\/observadorserrano.com.ar\/?p=11109"},"modified":"2024-03-21T18:20:40","modified_gmt":"2024-03-21T21:20:40","slug":"el-distrito-de-tornquist-se-prepara-para-la-9o-fiesta-provincial-de-la-vendimia","status":"publish","type":"post","link":"https:\/\/observadorserrano.com.ar\/?p=11109","title":{"rendered":"El distrito de Tornquist se prepara para la 9\u00ba Fiesta Provincial de la Vendimia"},"content":{"rendered":"<div class=\"pf-content\"><blockquote class=\"wp-embedded-content\" data-secret=\"EbHwFEx21v\"><p><a href=\"https:\/\/www.celttv.com.ar\/index.php\/2024\/03\/21\/el-distrito-de-tornquist-se-prepara-para-la-9o-fiesta-provincial-de-la-vendimia\/\">El distrito de Tornquist se prepara para la 9\u00ba Fiesta Provincial de la Vendimia<\/a><\/p><\/blockquote>\n<p><iframe class=\"wp-embedded-content\" sandbox=\"allow-scripts\" security=\"restricted\" style=\"position: absolute; clip: rect(1px, 1px, 1px, 1px);\" title=\"\u00abEl distrito de Tornquist se prepara para la 9\u00ba Fiesta Provincial de la Vendimia\u00bb \u2014 CELTTV\" src=\"https:\/\/www.celttv.com.ar\/index.php\/2024\/03\/21\/el-distrito-de-tornquist-se-prepara-para-la-9o-fiesta-provincial-de-la-vendimia\/embed\/#?secret=gwzWEvI7b8#?secret=EbHwFEx21v\" data-secret=\"EbHwFEx21v\" width=\"500\" height=\"282\" frameborder=\"0\" marginwidth=\"0\" marginheight=\"0\" scrolling=\"no\"><\/iframe><\/p>\n<p>El s\u00e1bado 30 y domingo 31 se llevar\u00e1 a cabo una nueva edici\u00f3n de la Fiesta Provincial de la Vendimia en Saldungaray.<\/p>\n<p>Organizada en conjunto por Tornquist Municipio, el Ministerio de Producci\u00f3n y el Instituto Cultural de la Provincia de Buenos Aires, se prepara el Predio del Ferrocarril de la localidad para dos d\u00edas con una variada oferta, que incluir\u00e1 exposici\u00f3n de productores y bodegas de todo el territorio bonaerense, degustaci\u00f3n y ventas, amplio paseo de artesanos y patio de comidas para todos los gustos.<\/p>\n<p>Adem\u00e1s, sobre el escenario habr\u00e1 en vivo una interesante propuesta musical para toda la familia, que ir\u00e1 desde folklore a g\u00e9neros bailables y rock infantil, con artistas del distrito, de la zonay de trayectoria nacional.<\/p>\n<p>El espect\u00e1culo central del s\u00e1bado ser\u00e1 el que brindar\u00e1 Bruno Arias, el reconocido cantautor juje\u00f1o, con sus ritmos como huayno, carnavalito y bailecito. Considerado escolta fundamental de la nueva trova de la m\u00fasica popular folcl\u00f3rica, en su recorrido art\u00edstico se destacan sus participaciones en festivales nacionales y en el extranjero. Esa jornada se cerrar\u00e1 con el show de Ayelen Reguera.<\/p>\n<p>El plato fuerte del domingo, en tanto, ser\u00e1 el recital del grupo Quimera, el exitoso conjunto folkl\u00f3rico de Buenos Aires; adem\u00e1s de las presentaciones de bandas y solistas locales.<\/p>\n<p>La actividad en ambas jornadas se desarrollar\u00e1 a partir de las 17 hs, con entrada libre y gratuita.<\/p>\n<p>Cronograma:<\/p>\n<p><strong>S\u00e1bado 30:<\/strong><\/p>\n<p>Sacateca Percusi\u00f3n<\/p>\n<p>Escuela Folkl\u00f3rica Municipal<\/p>\n<p>Cualquier Verdura (rock infantil)<\/p>\n<p>Jennifer Chavarr\u00eda (folklore y bailable)<\/p>\n<p>El Changuito Serrano (folklore)<\/p>\n<p>BRUNO ARIAS (folklore)<\/p>\n<p>Ayel\u00e9n Reguera (bailable)<\/p>\n<p><strong>Domingo 31:<\/strong><\/p>\n<p>Escuela Folkl\u00f3rica Municipal<\/p>\n<p>Carlos Porsel (popular)<\/p>\n<p>Talleres Folkl\u00f3ricos Municipales<\/p>\n<p>Sonkoy (folklore)<\/p>\n<p>Aparceros (folklore)<\/p>\n<p>QUIMERA (folklore)<\/p>\n<p>Erick Castro (bailable)<\/p>\n<p><img loading=\"lazy\" class=\"alignnone wp-image-82589 size-large\" src=\"https:\/\/www.celttv.com.ar\/wp-content\/uploads\/2024\/03\/Fiesta-de-la-Vendimia-2024-1-819x1024.jpeg\" alt=\"\" width=\"819\" height=\"1024\" \/> <img loading=\"lazy\" class=\"alignnone wp-image-82590 size-large\" src=\"https:\/\/www.celttv.com.ar\/wp-content\/uploads\/2024\/03\/Fiesta-de-la-Vendimia-2024-2-819x1024.jpeg\" alt=\"\" width=\"819\" height=\"1024\" \/> <img loading=\"lazy\" class=\"alignnone wp-image-82591 size-large\" src=\"https:\/\/www.celttv.com.ar\/wp-content\/uploads\/2024\/03\/Fiesta-de-la-Vendimia-2024-3-819x1024.jpeg\" alt=\"\" width=\"819\" height=\"1024\" \/><\/p>\n<p>&nbsp;<\/p>\n<\/div>","protected":false},"excerpt":{"rendered":"<p>El distrito de Tornquist se prepara para la 9\u00ba Fiesta Provincial de la Vendimia El s\u00e1bado 30 y domingo 31 se llevar\u00e1 a cabo una nueva edici\u00f3n de la Fiesta Provincial de la Vendimia en Saldungaray. Organizada en conjunto por Tornquist Municipio, el Ministerio de Producci\u00f3n y el Instituto Cultural de la Provincia de Buenos [&hellip;]<\/p>\n","protected":false},"author":2,"featured_media":11110,"comment_status":"closed","ping_status":"closed","sticky":false,"template":"","format":"standard","meta":[],"categories":[18,43,45,20,9],"tags":[],"_links":{"self":[{"href":"https:\/\/observadorserrano.com.ar\/index.php?rest_route=\/wp\/v2\/posts\/11109"}],"collection":[{"href":"https:\/\/observadorserrano.com.ar\/index.php?rest_route=\/wp\/v2\/posts"}],"about":[{"href":"https:\/\/observadorserrano.com.ar\/index.php?rest_route=\/wp\/v2\/types\/post"}],"author":[{"embeddable":true,"href":"https:\/\/observadorserrano.com.ar\/index.php?rest_route=\/wp\/v2\/users\/2"}],"replies":[{"embeddable":true,"href":"https:\/\/observadorserrano.com.ar\/index.php?rest_route=%2Fwp%2Fv2%2Fcomments&post=11109"}],"version-history":[{"count":1,"href":"https:\/\/observadorserrano.com.ar\/index.php?rest_route=\/wp\/v2\/posts\/11109\/revisions"}],"predecessor-version":[{"id":11111,"href":"https:\/\/observadorserrano.com.ar\/index.php?rest_route=\/wp\/v2\/posts\/11109\/revisions\/11111"}],"wp:featuredmedia":[{"embeddable":true,"href":"https:\/\/observadorserrano.com.ar\/index.php?rest_route=\/wp\/v2\/media\/11110"}],"wp:attachment":[{"href":"https:\/\/observadorserrano.com.ar\/index.php?rest_route=%2Fwp%2Fv2%2Fmedia&parent=11109"}],"wp:term":[{"taxonomy":"category","embeddable":true,"href":"https:\/\/observadorserrano.com.ar\/index.php?rest_route=%2Fwp%2Fv2%2Fcategories&post=11109"},{"taxonomy":"post_tag","embeddable":true,"href":"https:\/\/observadorserrano.com.ar\/index.php?rest_route=%2Fwp%2Fv2%2Ftags&post=11109"}],"curies":[{"name":"wp","href":"https:\/\/api.w.org\/{rel}","templated":true}]}}