{"id":11155,"date":"2024-04-17T16:47:15","date_gmt":"2024-04-17T19:47:15","guid":{"rendered":"https:\/\/observadorserrano.com.ar\/?p=11155"},"modified":"2024-04-17T16:47:53","modified_gmt":"2024-04-17T19:47:53","slug":"11155","status":"publish","type":"post","link":"https:\/\/observadorserrano.com.ar\/?p=11155","title":{"rendered":"Tornquist celebr\u00f3 el 141\u00b0 aniversario de su fundaci\u00f3n"},"content":{"rendered":"<div class=\"pf-content\"><p>Esta ma\u00f1ana, con un acto protocolar encabezado por el intendente municipal, Sergio Bordoni, la comunidad de Tornquist conmemor\u00f3 un nuevo aniversario de su fundaci\u00f3n.<\/p>\n<p>La celebraci\u00f3n tuvo lugar en el Teatro Rodolfo Funke, y reuni\u00f3 a autoridades municipales, educativas, legislativas y policiales, as\u00ed como tambi\u00e9n a representantes de distintas de instituciones intermedias del distrito, y vecinos.<\/p>\n<p>La ceremonia inici\u00f3 con la entonaci\u00f3n del himno nacional, que estuvo interpretado por la artista local Emi Davico, y continu\u00f3 con las palabras alusivas a la fecha a cargo del propio jefe comunal.<\/p>\n<p>En su discurso, Bordoni afirm\u00f3 que sent\u00eda un enorme placer al poder estar frente a los vecinos, luego de nueve a\u00f1os de gesti\u00f3n, acompa\u00f1\u00e1ndolos en este nuevo aniversario. \u201cTornquist tiene un futuro enorme, me refiero a ciudad cabecera y al distrito, en lo que es nuestra ciudad vamos a seguir trabajando codo a codo con el gobernador de la Provincia de Buenos Aires haciendo y finalizando obras que necesitamos\u201d, expres\u00f3 el intendente.<\/p>\n<p>Para cerrar su discurso, les solicit\u00f3 a los vecinos, que sigan trabajando unidos, acompa\u00f1ando y formando parte de las instituciones: \u201cSe que Tornquist es un distrito muy solidario, m\u00e1s all\u00e1 de los colores pol\u00edticos y de la camiseta que tengamos puesta. Lo importante es que la gente est\u00e9 visibilizada y podamos seguir ayudando al vecino\u201d.<\/p>\n<p>Luego fue el turno de los alumnos del Jard\u00edn N\u00b0905, que tambi\u00e9n celebra su cumplea\u00f1os cada 17 de abril, de colocar una ofrenda floral frente a la imagen de nuestro fundador \u201cDon Ernesto Torquist\u201d.<\/p>\n<p>Para cerrar la jornada, los presentes disfrutaron un video alusivo al aniversario del Jard\u00edn.<\/p>\n<p>Los festejos por el 141\u00b0 aniversario continuar\u00e1n este pr\u00f3ximo s\u00e1bado, frente al palacio municipal, donde desde las 15 hs, se presentar\u00e1n Radio Robot, Flopi Gim\u00e9nez, Os Birretes, Emy Davico, Media Pinta y la Escuela Folcl\u00f3rica Municipal.<\/p>\n<p><img loading=\"lazy\" class=\"alignnone size-full wp-image-11162\" src=\"https:\/\/observadorserrano.com.ar\/wp-content\/uploads\/2024\/04\/IMG_1964-Medium.jpg\" alt=\"\" width=\"1152\" height=\"768\" srcset=\"https:\/\/observadorserrano.com.ar\/wp-content\/uploads\/2024\/04\/IMG_1964-Medium.jpg 1152w, https:\/\/observadorserrano.com.ar\/wp-content\/uploads\/2024\/04\/IMG_1964-Medium-300x200.jpg 300w, https:\/\/observadorserrano.com.ar\/wp-content\/uploads\/2024\/04\/IMG_1964-Medium-768x512.jpg 768w, https:\/\/observadorserrano.com.ar\/wp-content\/uploads\/2024\/04\/IMG_1964-Medium-1024x683.jpg 1024w, https:\/\/observadorserrano.com.ar\/wp-content\/uploads\/2024\/04\/IMG_1964-Medium-525x350.jpg 525w, https:\/\/observadorserrano.com.ar\/wp-content\/uploads\/2024\/04\/IMG_1964-Medium-450x300.jpg 450w, https:\/\/observadorserrano.com.ar\/wp-content\/uploads\/2024\/04\/IMG_1964-Medium-750x500.jpg 750w, https:\/\/observadorserrano.com.ar\/wp-content\/uploads\/2024\/04\/IMG_1964-Medium-1140x760.jpg 1140w\" sizes=\"(max-width: 1152px) 100vw, 1152px\" \/><\/p>\n<p><img loading=\"lazy\" class=\"alignnone size-full wp-image-11156\" src=\"https:\/\/observadorserrano.com.ar\/wp-content\/uploads\/2024\/04\/141aniversario.jpg\" alt=\"\" width=\"1224\" height=\"917\" srcset=\"https:\/\/observadorserrano.com.ar\/wp-content\/uploads\/2024\/04\/141aniversario.jpg 1224w, https:\/\/observadorserrano.com.ar\/wp-content\/uploads\/2024\/04\/141aniversario-300x225.jpg 300w, https:\/\/observadorserrano.com.ar\/wp-content\/uploads\/2024\/04\/141aniversario-768x575.jpg 768w, https:\/\/observadorserrano.com.ar\/wp-content\/uploads\/2024\/04\/141aniversario-1024x767.jpg 1024w, https:\/\/observadorserrano.com.ar\/wp-content\/uploads\/2024\/04\/141aniversario-467x350.jpg 467w, https:\/\/observadorserrano.com.ar\/wp-content\/uploads\/2024\/04\/141aniversario-400x300.jpg 400w, https:\/\/observadorserrano.com.ar\/wp-content\/uploads\/2024\/04\/141aniversario-750x562.jpg 750w, https:\/\/observadorserrano.com.ar\/wp-content\/uploads\/2024\/04\/141aniversario-1140x854.jpg 1140w\" sizes=\"(max-width: 1224px) 100vw, 1224px\" \/> <img loading=\"lazy\" class=\"alignnone size-noticia-750\u00d7350-recortada wp-image-11157\" src=\"https:\/\/observadorserrano.com.ar\/wp-content\/uploads\/2024\/04\/141aniversario1.jpg\" alt=\"\" width=\"1214\" height=\"909\" srcset=\"https:\/\/observadorserrano.com.ar\/wp-content\/uploads\/2024\/04\/141aniversario1.jpg 1214w, https:\/\/observadorserrano.com.ar\/wp-content\/uploads\/2024\/04\/141aniversario1-300x225.jpg 300w, https:\/\/observadorserrano.com.ar\/wp-content\/uploads\/2024\/04\/141aniversario1-768x575.jpg 768w, https:\/\/observadorserrano.com.ar\/wp-content\/uploads\/2024\/04\/141aniversario1-1024x767.jpg 1024w, https:\/\/observadorserrano.com.ar\/wp-content\/uploads\/2024\/04\/141aniversario1-467x350.jpg 467w, https:\/\/observadorserrano.com.ar\/wp-content\/uploads\/2024\/04\/141aniversario1-401x300.jpg 401w, https:\/\/observadorserrano.com.ar\/wp-content\/uploads\/2024\/04\/141aniversario1-750x562.jpg 750w, https:\/\/observadorserrano.com.ar\/wp-content\/uploads\/2024\/04\/141aniversario1-1140x854.jpg 1140w\" sizes=\"(max-width: 1214px) 100vw, 1214px\" \/> <img loading=\"lazy\" class=\"alignnone size-noticia-750\u00d7350-recortada wp-image-11158\" src=\"https:\/\/observadorserrano.com.ar\/wp-content\/uploads\/2024\/04\/141aniversario2.jpg\" alt=\"\" width=\"1434\" height=\"935\" srcset=\"https:\/\/observadorserrano.com.ar\/wp-content\/uploads\/2024\/04\/141aniversario2.jpg 1434w, https:\/\/observadorserrano.com.ar\/wp-content\/uploads\/2024\/04\/141aniversario2-300x196.jpg 300w, https:\/\/observadorserrano.com.ar\/wp-content\/uploads\/2024\/04\/141aniversario2-768x501.jpg 768w, https:\/\/observadorserrano.com.ar\/wp-content\/uploads\/2024\/04\/141aniversario2-1024x668.jpg 1024w, https:\/\/observadorserrano.com.ar\/wp-content\/uploads\/2024\/04\/141aniversario2-537x350.jpg 537w, https:\/\/observadorserrano.com.ar\/wp-content\/uploads\/2024\/04\/141aniversario2-460x300.jpg 460w, https:\/\/observadorserrano.com.ar\/wp-content\/uploads\/2024\/04\/141aniversario2-750x489.jpg 750w, https:\/\/observadorserrano.com.ar\/wp-content\/uploads\/2024\/04\/141aniversario2-1140x743.jpg 1140w\" sizes=\"(max-width: 1434px) 100vw, 1434px\" \/> <img loading=\"lazy\" class=\"alignnone size-noticia-750\u00d7350-recortada wp-image-11159\" src=\"https:\/\/observadorserrano.com.ar\/wp-content\/uploads\/2024\/04\/141aniversario3.jpg\" alt=\"\" width=\"1438\" height=\"1078\" srcset=\"https:\/\/observadorserrano.com.ar\/wp-content\/uploads\/2024\/04\/141aniversario3.jpg 1438w, https:\/\/observadorserrano.com.ar\/wp-content\/uploads\/2024\/04\/141aniversario3-300x225.jpg 300w, https:\/\/observadorserrano.com.ar\/wp-content\/uploads\/2024\/04\/141aniversario3-768x576.jpg 768w, https:\/\/observadorserrano.com.ar\/wp-content\/uploads\/2024\/04\/141aniversario3-1024x768.jpg 1024w, https:\/\/observadorserrano.com.ar\/wp-content\/uploads\/2024\/04\/141aniversario3-467x350.jpg 467w, https:\/\/observadorserrano.com.ar\/wp-content\/uploads\/2024\/04\/141aniversario3-400x300.jpg 400w, https:\/\/observadorserrano.com.ar\/wp-content\/uploads\/2024\/04\/141aniversario3-750x562.jpg 750w, https:\/\/observadorserrano.com.ar\/wp-content\/uploads\/2024\/04\/141aniversario3-1140x855.jpg 1140w\" sizes=\"(max-width: 1438px) 100vw, 1438px\" \/> <img loading=\"lazy\" class=\"alignnone size-noticia-750\u00d7350-recortada wp-image-11160\" src=\"https:\/\/observadorserrano.com.ar\/wp-content\/uploads\/2024\/04\/141aniversario4.jpg\" alt=\"\" width=\"1440\" height=\"1080\" srcset=\"https:\/\/observadorserrano.com.ar\/wp-content\/uploads\/2024\/04\/141aniversario4.jpg 1440w, https:\/\/observadorserrano.com.ar\/wp-content\/uploads\/2024\/04\/141aniversario4-300x225.jpg 300w, https:\/\/observadorserrano.com.ar\/wp-content\/uploads\/2024\/04\/141aniversario4-768x576.jpg 768w, https:\/\/observadorserrano.com.ar\/wp-content\/uploads\/2024\/04\/141aniversario4-1024x768.jpg 1024w, https:\/\/observadorserrano.com.ar\/wp-content\/uploads\/2024\/04\/141aniversario4-467x350.jpg 467w, https:\/\/observadorserrano.com.ar\/wp-content\/uploads\/2024\/04\/141aniversario4-400x300.jpg 400w, https:\/\/observadorserrano.com.ar\/wp-content\/uploads\/2024\/04\/141aniversario4-750x563.jpg 750w, https:\/\/observadorserrano.com.ar\/wp-content\/uploads\/2024\/04\/141aniversario4-1140x855.jpg 1140w\" sizes=\"(max-width: 1440px) 100vw, 1440px\" \/> <img loading=\"lazy\" class=\"alignnone size-noticia-750\u00d7350-recortada wp-image-11161\" src=\"https:\/\/observadorserrano.com.ar\/wp-content\/uploads\/2024\/04\/141aniversario5.jpg\" alt=\"\" width=\"921\" height=\"690\" srcset=\"https:\/\/observadorserrano.com.ar\/wp-content\/uploads\/2024\/04\/141aniversario5.jpg 921w, https:\/\/observadorserrano.com.ar\/wp-content\/uploads\/2024\/04\/141aniversario5-300x225.jpg 300w, https:\/\/observadorserrano.com.ar\/wp-content\/uploads\/2024\/04\/141aniversario5-768x575.jpg 768w, https:\/\/observadorserrano.com.ar\/wp-content\/uploads\/2024\/04\/141aniversario5-467x350.jpg 467w, https:\/\/observadorserrano.com.ar\/wp-content\/uploads\/2024\/04\/141aniversario5-400x300.jpg 400w, https:\/\/observadorserrano.com.ar\/wp-content\/uploads\/2024\/04\/141aniversario5-750x562.jpg 750w\" sizes=\"(max-width: 921px) 100vw, 921px\" \/><\/p>\n<\/div>","protected":false},"excerpt":{"rendered":"<p>Esta ma\u00f1ana, con un acto protocolar encabezado por el intendente municipal, Sergio Bordoni, la comunidad de Tornquist conmemor\u00f3 un nuevo aniversario de su fundaci\u00f3n. La celebraci\u00f3n tuvo lugar en el Teatro Rodolfo Funke, y reuni\u00f3 a autoridades municipales, educativas, legislativas y policiales, as\u00ed como tambi\u00e9n a representantes de distintas de instituciones intermedias del distrito, y [&hellip;]<\/p>\n","protected":false},"author":2,"featured_media":11156,"comment_status":"closed","ping_status":"closed","sticky":false,"template":"","format":"standard","meta":[],"categories":[18,43,45],"tags":[],"_links":{"self":[{"href":"https:\/\/observadorserrano.com.ar\/index.php?rest_route=\/wp\/v2\/posts\/11155"}],"collection":[{"href":"https:\/\/observadorserrano.com.ar\/index.php?rest_route=\/wp\/v2\/posts"}],"about":[{"href":"https:\/\/observadorserrano.com.ar\/index.php?rest_route=\/wp\/v2\/types\/post"}],"author":[{"embeddable":true,"href":"https:\/\/observadorserrano.com.ar\/index.php?rest_route=\/wp\/v2\/users\/2"}],"replies":[{"embeddable":true,"href":"https:\/\/observadorserrano.com.ar\/index.php?rest_route=%2Fwp%2Fv2%2Fcomments&post=11155"}],"version-history":[{"count":2,"href":"https:\/\/observadorserrano.com.ar\/index.php?rest_route=\/wp\/v2\/posts\/11155\/revisions"}],"predecessor-version":[{"id":11164,"href":"https:\/\/observadorserrano.com.ar\/index.php?rest_route=\/wp\/v2\/posts\/11155\/revisions\/11164"}],"wp:featuredmedia":[{"embeddable":true,"href":"https:\/\/observadorserrano.com.ar\/index.php?rest_route=\/wp\/v2\/media\/11156"}],"wp:attachment":[{"href":"https:\/\/observadorserrano.com.ar\/index.php?rest_route=%2Fwp%2Fv2%2Fmedia&parent=11155"}],"wp:term":[{"taxonomy":"category","embeddable":true,"href":"https:\/\/observadorserrano.com.ar\/index.php?rest_route=%2Fwp%2Fv2%2Fcategories&post=11155"},{"taxonomy":"post_tag","embeddable":true,"href":"https:\/\/observadorserrano.com.ar\/index.php?rest_route=%2Fwp%2Fv2%2Ftags&post=11155"}],"curies":[{"name":"wp","href":"https:\/\/api.w.org\/{rel}","templated":true}]}}