{"id":11215,"date":"2024-05-23T16:50:28","date_gmt":"2024-05-23T19:50:28","guid":{"rendered":"https:\/\/observadorserrano.com.ar\/?p=11215"},"modified":"2024-05-23T16:50:28","modified_gmt":"2024-05-23T19:50:28","slug":"tornquist-fue-sede-de-una-capacitacion-sobre-criterios-de-manejo-y-poda-en-bosques-urbanos","status":"publish","type":"post","link":"https:\/\/observadorserrano.com.ar\/?p=11215","title":{"rendered":"Tornquist fue sede de una capacitaci\u00f3n sobre criterios de manejo y poda en bosques urbanos"},"content":{"rendered":"<div class=\"pf-content\"><p>Este martes en el Aula Ambiental del Parque Ambiental de Tornquist, se llev\u00f3 adelante la capacitaci\u00f3n \u2018Intervenciones sobre Bosques Urbanos: Criterios de manejo y poda\u2019, a cargo del Ministerio de Desarrollo Agrario de la Provincia de Buenos Aires.<\/p>\n<p>La jornada regional fue dictada por el Ing. Claudio Iribarren y cont\u00f3 con la participaci\u00f3n de responsables de gesti\u00f3n de arbolado municipal, cuadrillas de poda y de viveros municipales de distritos de Puan, Coronel Su\u00e1rez,Coronel Rosales, Coronel Pr\u00edngles y Tornquist.<\/p>\n<p>Se abordaron temas tales como marco legal, gesti\u00f3n y manejo del arbolado urbano; en qu\u00e9 casos hay que podar y cu\u00e1ndo; y se intercambiaron experiencias entre los municipios presentes.<\/p>\n<p><img loading=\"lazy\" class=\"alignnone size-full wp-image-11216\" src=\"https:\/\/observadorserrano.com.ar\/wp-content\/uploads\/2024\/05\/Capacit-Arbolado-1.jpeg\" alt=\"\" width=\"1600\" height=\"1200\" srcset=\"https:\/\/observadorserrano.com.ar\/wp-content\/uploads\/2024\/05\/Capacit-Arbolado-1.jpeg 1600w, https:\/\/observadorserrano.com.ar\/wp-content\/uploads\/2024\/05\/Capacit-Arbolado-1-300x225.jpeg 300w, https:\/\/observadorserrano.com.ar\/wp-content\/uploads\/2024\/05\/Capacit-Arbolado-1-768x576.jpeg 768w, https:\/\/observadorserrano.com.ar\/wp-content\/uploads\/2024\/05\/Capacit-Arbolado-1-1024x768.jpeg 1024w, https:\/\/observadorserrano.com.ar\/wp-content\/uploads\/2024\/05\/Capacit-Arbolado-1-1536x1152.jpeg 1536w, https:\/\/observadorserrano.com.ar\/wp-content\/uploads\/2024\/05\/Capacit-Arbolado-1-467x350.jpeg 467w, https:\/\/observadorserrano.com.ar\/wp-content\/uploads\/2024\/05\/Capacit-Arbolado-1-400x300.jpeg 400w, https:\/\/observadorserrano.com.ar\/wp-content\/uploads\/2024\/05\/Capacit-Arbolado-1-750x563.jpeg 750w, https:\/\/observadorserrano.com.ar\/wp-content\/uploads\/2024\/05\/Capacit-Arbolado-1-1140x855.jpeg 1140w\" sizes=\"(max-width: 1600px) 100vw, 1600px\" \/> <img loading=\"lazy\" class=\"alignnone size-noticia-750\u00d7350-recortada wp-image-11217\" src=\"https:\/\/observadorserrano.com.ar\/wp-content\/uploads\/2024\/05\/Capacit-Arbolado-2.jpeg\" alt=\"\" width=\"1600\" height=\"1200\" srcset=\"https:\/\/observadorserrano.com.ar\/wp-content\/uploads\/2024\/05\/Capacit-Arbolado-2.jpeg 1600w, https:\/\/observadorserrano.com.ar\/wp-content\/uploads\/2024\/05\/Capacit-Arbolado-2-300x225.jpeg 300w, https:\/\/observadorserrano.com.ar\/wp-content\/uploads\/2024\/05\/Capacit-Arbolado-2-768x576.jpeg 768w, https:\/\/observadorserrano.com.ar\/wp-content\/uploads\/2024\/05\/Capacit-Arbolado-2-1024x768.jpeg 1024w, https:\/\/observadorserrano.com.ar\/wp-content\/uploads\/2024\/05\/Capacit-Arbolado-2-1536x1152.jpeg 1536w, https:\/\/observadorserrano.com.ar\/wp-content\/uploads\/2024\/05\/Capacit-Arbolado-2-467x350.jpeg 467w, https:\/\/observadorserrano.com.ar\/wp-content\/uploads\/2024\/05\/Capacit-Arbolado-2-400x300.jpeg 400w, https:\/\/observadorserrano.com.ar\/wp-content\/uploads\/2024\/05\/Capacit-Arbolado-2-750x563.jpeg 750w, https:\/\/observadorserrano.com.ar\/wp-content\/uploads\/2024\/05\/Capacit-Arbolado-2-1140x855.jpeg 1140w\" sizes=\"(max-width: 1600px) 100vw, 1600px\" \/> <img loading=\"lazy\" class=\"alignnone size-noticia-750\u00d7350-recortada wp-image-11218\" src=\"https:\/\/observadorserrano.com.ar\/wp-content\/uploads\/2024\/05\/Capacit-Arbolado-3.jpeg\" alt=\"\" width=\"960\" height=\"1280\" srcset=\"https:\/\/observadorserrano.com.ar\/wp-content\/uploads\/2024\/05\/Capacit-Arbolado-3.jpeg 960w, https:\/\/observadorserrano.com.ar\/wp-content\/uploads\/2024\/05\/Capacit-Arbolado-3-225x300.jpeg 225w, https:\/\/observadorserrano.com.ar\/wp-content\/uploads\/2024\/05\/Capacit-Arbolado-3-768x1024.jpeg 768w, https:\/\/observadorserrano.com.ar\/wp-content\/uploads\/2024\/05\/Capacit-Arbolado-3-263x350.jpeg 263w, https:\/\/observadorserrano.com.ar\/wp-content\/uploads\/2024\/05\/Capacit-Arbolado-3-750x1000.jpeg 750w\" sizes=\"(max-width: 960px) 100vw, 960px\" \/> <img loading=\"lazy\" class=\"alignnone size-noticia-750\u00d7350-recortada wp-image-11219\" src=\"https:\/\/observadorserrano.com.ar\/wp-content\/uploads\/2024\/05\/Capacit-Arbolado-4.jpeg\" alt=\"\" width=\"1238\" height=\"928\" srcset=\"https:\/\/observadorserrano.com.ar\/wp-content\/uploads\/2024\/05\/Capacit-Arbolado-4.jpeg 1238w, https:\/\/observadorserrano.com.ar\/wp-content\/uploads\/2024\/05\/Capacit-Arbolado-4-300x225.jpeg 300w, https:\/\/observadorserrano.com.ar\/wp-content\/uploads\/2024\/05\/Capacit-Arbolado-4-768x576.jpeg 768w, https:\/\/observadorserrano.com.ar\/wp-content\/uploads\/2024\/05\/Capacit-Arbolado-4-1024x768.jpeg 1024w, https:\/\/observadorserrano.com.ar\/wp-content\/uploads\/2024\/05\/Capacit-Arbolado-4-467x350.jpeg 467w, https:\/\/observadorserrano.com.ar\/wp-content\/uploads\/2024\/05\/Capacit-Arbolado-4-400x300.jpeg 400w, https:\/\/observadorserrano.com.ar\/wp-content\/uploads\/2024\/05\/Capacit-Arbolado-4-750x562.jpeg 750w, https:\/\/observadorserrano.com.ar\/wp-content\/uploads\/2024\/05\/Capacit-Arbolado-4-1140x855.jpeg 1140w\" sizes=\"(max-width: 1238px) 100vw, 1238px\" \/><\/p>\n<\/div>","protected":false},"excerpt":{"rendered":"<p>Este martes en el Aula Ambiental del Parque Ambiental de Tornquist, se llev\u00f3 adelante la capacitaci\u00f3n \u2018Intervenciones sobre Bosques Urbanos: Criterios de manejo y poda\u2019, a cargo del Ministerio de Desarrollo Agrario de la Provincia de Buenos Aires. La jornada regional fue dictada por el Ing. Claudio Iribarren y cont\u00f3 con la participaci\u00f3n de responsables [&hellip;]<\/p>\n","protected":false},"author":2,"featured_media":11218,"comment_status":"closed","ping_status":"closed","sticky":false,"template":"","format":"standard","meta":[],"categories":[18,43,45],"tags":[],"_links":{"self":[{"href":"https:\/\/observadorserrano.com.ar\/index.php?rest_route=\/wp\/v2\/posts\/11215"}],"collection":[{"href":"https:\/\/observadorserrano.com.ar\/index.php?rest_route=\/wp\/v2\/posts"}],"about":[{"href":"https:\/\/observadorserrano.com.ar\/index.php?rest_route=\/wp\/v2\/types\/post"}],"author":[{"embeddable":true,"href":"https:\/\/observadorserrano.com.ar\/index.php?rest_route=\/wp\/v2\/users\/2"}],"replies":[{"embeddable":true,"href":"https:\/\/observadorserrano.com.ar\/index.php?rest_route=%2Fwp%2Fv2%2Fcomments&post=11215"}],"version-history":[{"count":1,"href":"https:\/\/observadorserrano.com.ar\/index.php?rest_route=\/wp\/v2\/posts\/11215\/revisions"}],"predecessor-version":[{"id":11220,"href":"https:\/\/observadorserrano.com.ar\/index.php?rest_route=\/wp\/v2\/posts\/11215\/revisions\/11220"}],"wp:featuredmedia":[{"embeddable":true,"href":"https:\/\/observadorserrano.com.ar\/index.php?rest_route=\/wp\/v2\/media\/11218"}],"wp:attachment":[{"href":"https:\/\/observadorserrano.com.ar\/index.php?rest_route=%2Fwp%2Fv2%2Fmedia&parent=11215"}],"wp:term":[{"taxonomy":"category","embeddable":true,"href":"https:\/\/observadorserrano.com.ar\/index.php?rest_route=%2Fwp%2Fv2%2Fcategories&post=11215"},{"taxonomy":"post_tag","embeddable":true,"href":"https:\/\/observadorserrano.com.ar\/index.php?rest_route=%2Fwp%2Fv2%2Ftags&post=11215"}],"curies":[{"name":"wp","href":"https:\/\/api.w.org\/{rel}","templated":true}]}}