{"id":11225,"date":"2024-05-24T18:44:10","date_gmt":"2024-05-24T21:44:10","guid":{"rendered":"https:\/\/observadorserrano.com.ar\/?p=11225"},"modified":"2024-05-24T18:44:10","modified_gmt":"2024-05-24T21:44:10","slug":"bordoni-y-kicillof-cumplieron-suenos-en-saldungaray-videos-y-fotos","status":"publish","type":"post","link":"https:\/\/observadorserrano.com.ar\/?p=11225","title":{"rendered":"Bordoni y Kicillof cumplieron sue\u00f1os en Saldungaray (VIDEOS Y FOTOS)"},"content":{"rendered":"<div class=\"pf-content\"><p>Este 24 de mayo, quedar\u00e1 grabado en la memoria de todos los vecinos y vecinas de Saldungaray, porque no solo las familias adjudicatarias de las 29 viviendas recibieron las llaves de nuevos hogares, sino que\u00a0adem\u00e1s\u00a0el Gobernador de la Provincia de Buenos Aires, Axel Kicillof hizo entrega de equipamiento que\u00a0permitir\u00e1\u00a0avanzar con el cierre del basural a cielo abierto, y de un utilitario de gran necesidad para la educaci\u00f3n especial de la localidad.<\/p>\n<p>Tal como estaba anunciado, esta ma\u00f1ana el intendente municipal Sergio Bordoni, recibi\u00f3 al Gobernador Axel Kicillof, en Saldungaray, para llevar adelante la entrega de 29 viviendas construidas a trav\u00e9s del Plan Bonaerense II, del Ministerio de H\u00e1bitat de la provincia.<\/p>\n<p>En el acto, que tuvo lugar en las instalaciones del Club Porte\u00f1o y cont\u00f3 con la presencia de la Ministra de H\u00e1bitat y Desarrollo Urbano, Silvina Batakis; \u00a0Kicillof adem\u00e1s anunci\u00f3 que la provincia ya realiz\u00f3 el primer desembolso para la construcci\u00f3n de 38 viviendas,\u00a0destinadas\u00a0al gremio de trabajadores municipales, para la localidad de Tornquist, que se suman a las 32 unidades familiares sociales que est\u00e1n en marcha en la ciudad cabecera del distrito.<\/p>\n<p>Por su parte, Sergio Bordoni afirm\u00f3 \u201cFrente al ajuste a la clase trabajadora que est\u00e1 llevando adelante el Gobierno nacional, en Tornquist estamos orgullosos de contar con una Provincia que sigue sosteniendo la obra p\u00fablica y hoy nos permite darles un futuro mejor a 29 familias del distrito\u201d.<\/p>\n<p>En materia ambiental, Kicillof junto a Daniela Vilar, Ministra de Ambiente de la Provincia de Buenos Aires, puso en funcionamiento maquinaria para iniciar el proceso de cierre del basural a cielo abierto de Sierra de la Ventana y Saldungaray.<\/p>\n<p>En ese sentido, el gobernador entreg\u00f3 una pala frontal, una chipeadora y facilit\u00f3 la adquisici\u00f3n de un compactador de residuos mediante un programa de Provincia Leasing de la banca p\u00fablica, en un esfuerzo conjunto del Ministerio de Ambiente y el Municipio de Tornquist por brindarle mejor calidad de vida a los vecinos.<\/p>\n<p>Asimismo, la cartera ambiental provincial puso en marcha el plan integral de obras para la recuperaci\u00f3n de las reservas naturales en nuestro distrito, y distribuy\u00f3 ocho termotanques solares y una minicargadora para el Parque Provincial Ernesto Tornquist, con el objetivo de comenzar con la recuperaci\u00f3n y puesta en valor del mismo.<\/p>\n<p>Para cerrar esta jornada, que estuvo colmada de emoci\u00f3n, el Director General de Cultura y Educaci\u00f3n, Alberto Sileoni, hizo entrega de una combi Okm a la Escuela de Educaci\u00f3n Especial n\u00ba502 de la localidad.<\/p>\n<p>Estuvieron presentes, acompa\u00f1ando al jefe comunal y al gobernador, la jefa de Asesores del Gobernador, Cristina \u00c1lvarez Rodr\u00edguez; el ministro de Gobierno, Carlos Bianco; el presidente del Banco Provincia, Juan Cuattromo; el administrador general del Instituto de la Vivienda, Diego Men\u00e9ndez; la subsecretar\u00eda de Residuos S\u00f3lidos Urbanos y Econom\u00eda Circular, Jackie Flores; y el director provincial de OCEBA, Osvaldo Barcelona.<\/p>\n<div class=\"jeg_video_container jeg_video_content\"><iframe loading=\"lazy\" title=\"2024 05 24 SERGIO BORDONI   VISITA DE KICILLOF A SALDUNGARAY\" width=\"500\" height=\"281\" src=\"https:\/\/www.youtube.com\/embed\/EYE1cWwoz2Y?feature=oembed\" frameborder=\"0\" allow=\"accelerometer; autoplay; clipboard-write; encrypted-media; gyroscope; picture-in-picture; web-share\" referrerpolicy=\"strict-origin-when-cross-origin\" allowfullscreen><\/iframe><\/div>\n<div class=\"jeg_video_container jeg_video_content\"><iframe loading=\"lazy\" title=\"2024 05 24 VISITA A SALDUNGARAY   AXEL KICILLOF 2\" width=\"500\" height=\"281\" src=\"https:\/\/www.youtube.com\/embed\/rUo2wGIuiX8?feature=oembed\" frameborder=\"0\" allow=\"accelerometer; autoplay; clipboard-write; encrypted-media; gyroscope; picture-in-picture; web-share\" referrerpolicy=\"strict-origin-when-cross-origin\" allowfullscreen><\/iframe><\/div>\n<div class=\"jeg_video_container jeg_video_content\"><iframe loading=\"lazy\" title=\"2024 05 24 VISITA A SALDUNGARAY   AXEL KICILLOF 3\" width=\"500\" height=\"281\" src=\"https:\/\/www.youtube.com\/embed\/WmWTwQlN3sA?feature=oembed\" frameborder=\"0\" allow=\"accelerometer; autoplay; clipboard-write; encrypted-media; gyroscope; picture-in-picture; web-share\" referrerpolicy=\"strict-origin-when-cross-origin\" allowfullscreen><\/iframe><\/div>\n<div class=\"jeg_video_container jeg_video_content\"><iframe loading=\"lazy\" title=\"2024 05 24 VISITA A SALDUNGARAY   AXEL KICILLOF 4\" width=\"500\" height=\"281\" src=\"https:\/\/www.youtube.com\/embed\/Y8XIZJgGBzU?feature=oembed\" frameborder=\"0\" allow=\"accelerometer; autoplay; clipboard-write; encrypted-media; gyroscope; picture-in-picture; web-share\" referrerpolicy=\"strict-origin-when-cross-origin\" allowfullscreen><\/iframe><\/div>\n<div class=\"jeg_video_container jeg_video_content\"><iframe loading=\"lazy\" title=\"2024 05 24 KICILLOF EN SALDUNGARAY  SILVINA BATAKIS   MINISTRA DE HABITAT Y DESARROLLO URBANO\" width=\"500\" height=\"281\" src=\"https:\/\/www.youtube.com\/embed\/McQxcG4AXu0?feature=oembed\" frameborder=\"0\" allow=\"accelerometer; autoplay; clipboard-write; encrypted-media; gyroscope; picture-in-picture; web-share\" referrerpolicy=\"strict-origin-when-cross-origin\" allowfullscreen><\/iframe><\/div>\n<div class=\"jeg_video_container jeg_video_content\"><iframe loading=\"lazy\" title=\"2024 05 24 KICILLOF EN SALDUNGARAY   DANIELA VILAR   MINISTRA DE AMBIENTE\" width=\"500\" height=\"281\" src=\"https:\/\/www.youtube.com\/embed\/4tKAg1B2r2U?feature=oembed\" frameborder=\"0\" allow=\"accelerometer; autoplay; clipboard-write; encrypted-media; gyroscope; picture-in-picture; web-share\" referrerpolicy=\"strict-origin-when-cross-origin\" allowfullscreen><\/iframe><\/div>\n<p><img loading=\"lazy\" class=\"alignnone wp-image-83927 size-large\" src=\"https:\/\/www.celttv.com.ar\/wp-content\/uploads\/2024\/05\/1-2-1024x672.jpg\" alt=\"\" width=\"1024\" height=\"672\" \/> <img loading=\"lazy\" class=\"alignnone wp-image-83928 size-large\" src=\"https:\/\/www.celttv.com.ar\/wp-content\/uploads\/2024\/05\/2-4-1024x684.jpg\" alt=\"\" width=\"1024\" height=\"684\" \/> <img loading=\"lazy\" class=\"alignnone wp-image-83929 size-large\" src=\"https:\/\/www.celttv.com.ar\/wp-content\/uploads\/2024\/05\/3-3-1024x694.jpg\" alt=\"\" width=\"1024\" height=\"694\" \/> <img loading=\"lazy\" class=\"alignnone wp-image-83930 size-large\" src=\"https:\/\/www.celttv.com.ar\/wp-content\/uploads\/2024\/05\/4-4-1024x713.jpg\" alt=\"\" width=\"1024\" height=\"713\" \/> <img loading=\"lazy\" class=\"alignnone wp-image-83931 size-large\" src=\"https:\/\/www.celttv.com.ar\/wp-content\/uploads\/2024\/05\/6-2-1024x686.jpg\" alt=\"\" width=\"1024\" height=\"686\" \/> <img loading=\"lazy\" class=\"alignnone wp-image-83932 size-large\" src=\"https:\/\/www.celttv.com.ar\/wp-content\/uploads\/2024\/05\/7-2-1024x681.jpg\" alt=\"\" width=\"1024\" height=\"681\" \/><\/p>\n<figure id=\"attachment_83933\" aria-describedby=\"caption-attachment-83933\" style=\"width: 1024px\" class=\"wp-caption alignnone\"><img loading=\"lazy\" class=\"wp-image-83933 size-large\" src=\"https:\/\/www.celttv.com.ar\/wp-content\/uploads\/2024\/05\/entregaviviendas-1024x683.jpeg\" alt=\"\" width=\"1024\" height=\"683\" \/><figcaption id=\"caption-attachment-83933\" class=\"wp-caption-text\">GZab<\/figcaption><\/figure>\n<figure id=\"attachment_83934\" aria-describedby=\"caption-attachment-83934\" style=\"width: 1024px\" class=\"wp-caption alignnone\"><img loading=\"lazy\" class=\"wp-image-83934 size-large\" src=\"https:\/\/www.celttv.com.ar\/wp-content\/uploads\/2024\/05\/entregaviviendas1-1024x683.jpeg\" alt=\"\" width=\"1024\" height=\"683\" \/><figcaption id=\"caption-attachment-83934\" class=\"wp-caption-text\">GZab<\/figcaption><\/figure>\n<figure id=\"attachment_83935\" aria-describedby=\"caption-attachment-83935\" style=\"width: 1024px\" class=\"wp-caption alignnone\"><img loading=\"lazy\" class=\"wp-image-83935 size-large\" src=\"https:\/\/www.celttv.com.ar\/wp-content\/uploads\/2024\/05\/entregaviviendas2-1024x683.jpeg\" alt=\"\" width=\"1024\" height=\"683\" \/><figcaption id=\"caption-attachment-83935\" class=\"wp-caption-text\">GZab<\/figcaption><\/figure>\n<figure id=\"attachment_83936\" aria-describedby=\"caption-attachment-83936\" style=\"width: 1024px\" class=\"wp-caption alignnone\"><img loading=\"lazy\" class=\"wp-image-83936 size-large\" src=\"https:\/\/www.celttv.com.ar\/wp-content\/uploads\/2024\/05\/entregaviviendas4-1024x683.jpeg\" alt=\"\" width=\"1024\" height=\"683\" \/><figcaption id=\"caption-attachment-83936\" class=\"wp-caption-text\">GZab<\/figcaption><\/figure>\n<p>&nbsp;<\/p>\n<p>&nbsp;<\/p>\n<\/div>","protected":false},"excerpt":{"rendered":"<p>Este 24 de mayo, quedar\u00e1 grabado en la memoria de todos los vecinos y vecinas de Saldungaray, porque no solo las familias adjudicatarias de las 29 viviendas recibieron las llaves de nuevos hogares, sino que\u00a0adem\u00e1s\u00a0el Gobernador de la Provincia de Buenos Aires, Axel Kicillof hizo entrega de equipamiento que\u00a0permitir\u00e1\u00a0avanzar con el cierre del basural a [&hellip;]<\/p>\n","protected":false},"author":2,"featured_media":11226,"comment_status":"closed","ping_status":"closed","sticky":false,"template":"","format":"standard","meta":[],"categories":[18,43,45],"tags":[],"_links":{"self":[{"href":"https:\/\/observadorserrano.com.ar\/index.php?rest_route=\/wp\/v2\/posts\/11225"}],"collection":[{"href":"https:\/\/observadorserrano.com.ar\/index.php?rest_route=\/wp\/v2\/posts"}],"about":[{"href":"https:\/\/observadorserrano.com.ar\/index.php?rest_route=\/wp\/v2\/types\/post"}],"author":[{"embeddable":true,"href":"https:\/\/observadorserrano.com.ar\/index.php?rest_route=\/wp\/v2\/users\/2"}],"replies":[{"embeddable":true,"href":"https:\/\/observadorserrano.com.ar\/index.php?rest_route=%2Fwp%2Fv2%2Fcomments&post=11225"}],"version-history":[{"count":1,"href":"https:\/\/observadorserrano.com.ar\/index.php?rest_route=\/wp\/v2\/posts\/11225\/revisions"}],"predecessor-version":[{"id":11227,"href":"https:\/\/observadorserrano.com.ar\/index.php?rest_route=\/wp\/v2\/posts\/11225\/revisions\/11227"}],"wp:featuredmedia":[{"embeddable":true,"href":"https:\/\/observadorserrano.com.ar\/index.php?rest_route=\/wp\/v2\/media\/11226"}],"wp:attachment":[{"href":"https:\/\/observadorserrano.com.ar\/index.php?rest_route=%2Fwp%2Fv2%2Fmedia&parent=11225"}],"wp:term":[{"taxonomy":"category","embeddable":true,"href":"https:\/\/observadorserrano.com.ar\/index.php?rest_route=%2Fwp%2Fv2%2Fcategories&post=11225"},{"taxonomy":"post_tag","embeddable":true,"href":"https:\/\/observadorserrano.com.ar\/index.php?rest_route=%2Fwp%2Fv2%2Ftags&post=11225"}],"curies":[{"name":"wp","href":"https:\/\/api.w.org\/{rel}","templated":true}]}}