{"id":11232,"date":"2024-05-27T22:26:19","date_gmt":"2024-05-28T01:26:19","guid":{"rendered":"https:\/\/observadorserrano.com.ar\/?p=11232"},"modified":"2024-05-27T22:26:19","modified_gmt":"2024-05-28T01:26:19","slug":"busqueda-laboral-de-la-oficina-municipal-de-empleo","status":"publish","type":"post","link":"https:\/\/observadorserrano.com.ar\/?p=11232","title":{"rendered":"B\u00fasqueda laboral de la Oficina Municipal de Empleo"},"content":{"rendered":"<div class=\"pf-content\"><p>La Oficina de Empleo de Tornquist Municipio, se encuentra en la b\u00fasqueda de una persona para desempe\u00f1arse en una firma de excursiones tur\u00edsticas de Villa Ventana.<\/p>\n<p>El puesto a cubrir es para trabajos de mantenimiento y tareas generales.<\/p>\n<p>Requisitos: masculino de hasta 50 a\u00f1os, preferentemente residente en la localidad.<\/p>\n<p>Los interesados, deben enviar CV hasta el lunes 3\/6a <a href=\"mailto:empletornquist@gmail.com\">empletornquist@gmail.com<\/a>, por WhatsApp al 2914747062 o personalmente en la oficina de San Mart\u00edn N\u00b0 268, de lunes a viernes de 7 a 13 hs.<\/p>\n<p>&nbsp;<\/p>\n<p><img loading=\"lazy\" class=\"alignnone wp-image-84026 size-large\" src=\"https:\/\/www.celttv.com.ar\/wp-content\/uploads\/2024\/05\/Busqueda-laboral-27-5-1024x1024.jpg\" alt=\"\" width=\"1024\" height=\"1024\" \/><\/p>\n<\/div>","protected":false},"excerpt":{"rendered":"<p>La Oficina de Empleo de Tornquist Municipio, se encuentra en la b\u00fasqueda de una persona para desempe\u00f1arse en una firma de excursiones tur\u00edsticas de Villa Ventana. El puesto a cubrir es para trabajos de mantenimiento y tareas generales. Requisitos: masculino de hasta 50 a\u00f1os, preferentemente residente en la localidad. Los interesados, deben enviar CV hasta [&hellip;]<\/p>\n","protected":false},"author":2,"featured_media":11233,"comment_status":"closed","ping_status":"closed","sticky":false,"template":"","format":"standard","meta":[],"categories":[18,43,45],"tags":[],"_links":{"self":[{"href":"https:\/\/observadorserrano.com.ar\/index.php?rest_route=\/wp\/v2\/posts\/11232"}],"collection":[{"href":"https:\/\/observadorserrano.com.ar\/index.php?rest_route=\/wp\/v2\/posts"}],"about":[{"href":"https:\/\/observadorserrano.com.ar\/index.php?rest_route=\/wp\/v2\/types\/post"}],"author":[{"embeddable":true,"href":"https:\/\/observadorserrano.com.ar\/index.php?rest_route=\/wp\/v2\/users\/2"}],"replies":[{"embeddable":true,"href":"https:\/\/observadorserrano.com.ar\/index.php?rest_route=%2Fwp%2Fv2%2Fcomments&post=11232"}],"version-history":[{"count":1,"href":"https:\/\/observadorserrano.com.ar\/index.php?rest_route=\/wp\/v2\/posts\/11232\/revisions"}],"predecessor-version":[{"id":11234,"href":"https:\/\/observadorserrano.com.ar\/index.php?rest_route=\/wp\/v2\/posts\/11232\/revisions\/11234"}],"wp:featuredmedia":[{"embeddable":true,"href":"https:\/\/observadorserrano.com.ar\/index.php?rest_route=\/wp\/v2\/media\/11233"}],"wp:attachment":[{"href":"https:\/\/observadorserrano.com.ar\/index.php?rest_route=%2Fwp%2Fv2%2Fmedia&parent=11232"}],"wp:term":[{"taxonomy":"category","embeddable":true,"href":"https:\/\/observadorserrano.com.ar\/index.php?rest_route=%2Fwp%2Fv2%2Fcategories&post=11232"},{"taxonomy":"post_tag","embeddable":true,"href":"https:\/\/observadorserrano.com.ar\/index.php?rest_route=%2Fwp%2Fv2%2Ftags&post=11232"}],"curies":[{"name":"wp","href":"https:\/\/api.w.org\/{rel}","templated":true}]}}