{"id":11273,"date":"2024-06-24T17:20:53","date_gmt":"2024-06-24T20:20:53","guid":{"rendered":"https:\/\/observadorserrano.com.ar\/?p=11273"},"modified":"2024-06-24T17:20:53","modified_gmt":"2024-06-24T20:20:53","slug":"proyecto-de-resolucion-reclamos-servicio-absa-tornquist","status":"publish","type":"post","link":"https:\/\/observadorserrano.com.ar\/?p=11273","title":{"rendered":"Proyecto de Resoluci\u00f3n: RECLAMOS SERVICIO ABSA TORNQUIST"},"content":{"rendered":"<div class=\"pf-content\"><div dir=\"auto\">Los Bloques de Juntos y Juntos por el Cambio Presentaron un proyecto de Resoluci\u00f3n frente a la falta de respuesta a reclamos efectuados por vecinos de la ciudad de Tornquist por parte de las autoridades de la empresa Aguas Bonaerenses S.A.<\/div>\n<div dir=\"auto\"><\/div>\n<div dir=\"auto\">Solicitan al Gobernador de la Provincia de Buenos Aires, Axel Kicillof, el env\u00edo urgente de recursos econ\u00f3micos a ABSA Regional Bah\u00eda Blanca para ser afectados espec\u00edficamente a la seccional de Tornquist, a fin de proceder a la reparaci\u00f3n urgente de los diferentes reclamos efectuados por los vecinos.<\/div>\n<div dir=\"auto\"><\/div>\n<p>VISTO<br \/>\nLa falta de respuesta a reclamos efectuados por vecinos de la ciudad de Tornquist por parte de las autoridades de la empresa Aguas Bonaerenses S.A.<br \/>\ny;<br \/>\nCONSIDERANDO<br \/>\nQue la empresa ABSA no cumple en tiempo y forma con la solicitud de asistencia de los vecinos por reclamos relacionados con el sistema de desag\u00fces cloacales;<br \/>\nQue la asistencia a las solicitudes de los vecinos deben ser tomadas con urgencia;<br \/>\nQue en relaci\u00f3n al ineficiente servicio se generan roturas en veredas y calles de nuestra ciudad, como as\u00ed tambi\u00e9n da\u00f1os en viviendas particulares que sufren derrames de l\u00edquidos cloacales, por citar algunos;<br \/>\nQue los derrames de l\u00edquidos cloacales por las calles de la ciudad perjudican al ambiente, por ende a la salubridad de los vecinos;<br \/>\nPOR ELLO<br \/>\nLos Bloques de Juntos y Juntos por el Cambio presentan<\/p>\n<p>El siguiente Proyecto de Resoluci\u00f3n<\/p>\n<p>Art\u00edculo 1\u00b0: El Honorable Concejo Deliberante de Tornquist se dirige al Sr. Gobernador de la Provincia de Buenos Aires, Axel Kicillof, solicitando el env\u00edo urgente de recursos econ\u00f3micos a ABSA Regional Bah\u00eda Blanca para ser<br \/>\nafectados espec\u00edficamente a la seccional de Tornquist, a fin de proceder a la reparaci\u00f3n urgente de los diferentes reclamos efectuados por los vecinos.<br \/>\nArt\u00edculo 2\u00b0: Env\u00edese copia al Sr. Intendente Municipal, Sergio Bordoni, al responsable de ABSA de nuestra ciudad, Ing. Carlos Quiroz, ABSA Regional Bah\u00eda Blanca y a los Honorables Concejos Deliberantes de la Pcia. de Buenos<br \/>\nAires.<br \/>\nArt\u00edculo 3\u00b0 De forma.<\/p>\n<p><img loading=\"lazy\" class=\"alignnone wp-image-84627 size-full\" src=\"https:\/\/www.celttv.com.ar\/wp-content\/uploads\/2024\/06\/RESOLUCION-RECLAMOS-ABSA-TORNQUIST.png\" alt=\"\" width=\"940\" height=\"788\" \/><\/p>\n<\/div>","protected":false},"excerpt":{"rendered":"<p>Los Bloques de Juntos y Juntos por el Cambio Presentaron un proyecto de Resoluci\u00f3n frente a la falta de respuesta a reclamos efectuados por vecinos de la ciudad de Tornquist por parte de las autoridades de la empresa Aguas Bonaerenses S.A. Solicitan al Gobernador de la Provincia de Buenos Aires, Axel Kicillof, el env\u00edo urgente [&hellip;]<\/p>\n","protected":false},"author":2,"featured_media":11274,"comment_status":"closed","ping_status":"closed","sticky":false,"template":"","format":"standard","meta":[],"categories":[18,11],"tags":[],"_links":{"self":[{"href":"https:\/\/observadorserrano.com.ar\/index.php?rest_route=\/wp\/v2\/posts\/11273"}],"collection":[{"href":"https:\/\/observadorserrano.com.ar\/index.php?rest_route=\/wp\/v2\/posts"}],"about":[{"href":"https:\/\/observadorserrano.com.ar\/index.php?rest_route=\/wp\/v2\/types\/post"}],"author":[{"embeddable":true,"href":"https:\/\/observadorserrano.com.ar\/index.php?rest_route=\/wp\/v2\/users\/2"}],"replies":[{"embeddable":true,"href":"https:\/\/observadorserrano.com.ar\/index.php?rest_route=%2Fwp%2Fv2%2Fcomments&post=11273"}],"version-history":[{"count":1,"href":"https:\/\/observadorserrano.com.ar\/index.php?rest_route=\/wp\/v2\/posts\/11273\/revisions"}],"predecessor-version":[{"id":11275,"href":"https:\/\/observadorserrano.com.ar\/index.php?rest_route=\/wp\/v2\/posts\/11273\/revisions\/11275"}],"wp:featuredmedia":[{"embeddable":true,"href":"https:\/\/observadorserrano.com.ar\/index.php?rest_route=\/wp\/v2\/media\/11274"}],"wp:attachment":[{"href":"https:\/\/observadorserrano.com.ar\/index.php?rest_route=%2Fwp%2Fv2%2Fmedia&parent=11273"}],"wp:term":[{"taxonomy":"category","embeddable":true,"href":"https:\/\/observadorserrano.com.ar\/index.php?rest_route=%2Fwp%2Fv2%2Fcategories&post=11273"},{"taxonomy":"post_tag","embeddable":true,"href":"https:\/\/observadorserrano.com.ar\/index.php?rest_route=%2Fwp%2Fv2%2Ftags&post=11273"}],"curies":[{"name":"wp","href":"https:\/\/api.w.org\/{rel}","templated":true}]}}