{"id":11431,"date":"2024-12-12T17:41:58","date_gmt":"2024-12-12T20:41:58","guid":{"rendered":"https:\/\/observadorserrano.com.ar\/?p=11431"},"modified":"2024-12-12T17:41:58","modified_gmt":"2024-12-12T20:41:58","slug":"sergio-bordoni-inaugurara-obras-este-sabado-junto-al-ministro-gabriel-katopodis","status":"publish","type":"post","link":"https:\/\/observadorserrano.com.ar\/?p=11431","title":{"rendered":"Sergio Bordoni inaugurar\u00e1 obras este s\u00e1bado junto al ministro Gabriel Katopodis"},"content":{"rendered":"<div class=\"pf-content\"><p><strong>Sergio Bordoni inaugurar\u00e1 obras este s\u00e1bado junto al ministro Gabriel Katopodis<\/strong><\/p>\n<p>El Intendente Municipal, Sergio Bordoni, inaugurar\u00e1 dos importantes obras este s\u00e1bado 14 junto al Ministro de Infraestructura y Servicios P\u00fablicos de la Provincia de Buenos Aires, Gabriel Katopodis.<\/p>\n<p>A las 10.45 hs, los funcionarios dejar\u00e1n inaugurada la red de agua potable en Villa Serrana La Gruta; mientras que desde las 11.45 hs, el Natatorio Municipal de Saldungaray.<\/p>\n<p>Ese d\u00eda, la entrada a la flamante piscina ser\u00e1 libre y gratuita y all\u00ed se desarrollar\u00e1 el Operativo Sonrisas edici\u00f3n verano.<\/p>\n<p><img loading=\"lazy\" class=\"alignnone size-full wp-image-11432\" src=\"https:\/\/observadorserrano.com.ar\/wp-content\/uploads\/2024\/12\/invita-agua-la-gruta.jpg\" alt=\"\" width=\"967\" height=\"1349\" srcset=\"https:\/\/observadorserrano.com.ar\/wp-content\/uploads\/2024\/12\/invita-agua-la-gruta.jpg 967w, https:\/\/observadorserrano.com.ar\/wp-content\/uploads\/2024\/12\/invita-agua-la-gruta-215x300.jpg 215w, https:\/\/observadorserrano.com.ar\/wp-content\/uploads\/2024\/12\/invita-agua-la-gruta-768x1071.jpg 768w, https:\/\/observadorserrano.com.ar\/wp-content\/uploads\/2024\/12\/invita-agua-la-gruta-734x1024.jpg 734w, https:\/\/observadorserrano.com.ar\/wp-content\/uploads\/2024\/12\/invita-agua-la-gruta-251x350.jpg 251w, https:\/\/observadorserrano.com.ar\/wp-content\/uploads\/2024\/12\/invita-agua-la-gruta-750x1046.jpg 750w\" sizes=\"(max-width: 967px) 100vw, 967px\" \/> <img loading=\"lazy\" class=\"alignnone size-noticia-750\u00d7350-recortada wp-image-11433\" src=\"https:\/\/observadorserrano.com.ar\/wp-content\/uploads\/2024\/12\/invita-nat-sldnga.jpg\" alt=\"\" width=\"967\" height=\"1349\" srcset=\"https:\/\/observadorserrano.com.ar\/wp-content\/uploads\/2024\/12\/invita-nat-sldnga.jpg 967w, https:\/\/observadorserrano.com.ar\/wp-content\/uploads\/2024\/12\/invita-nat-sldnga-215x300.jpg 215w, https:\/\/observadorserrano.com.ar\/wp-content\/uploads\/2024\/12\/invita-nat-sldnga-768x1071.jpg 768w, https:\/\/observadorserrano.com.ar\/wp-content\/uploads\/2024\/12\/invita-nat-sldnga-734x1024.jpg 734w, https:\/\/observadorserrano.com.ar\/wp-content\/uploads\/2024\/12\/invita-nat-sldnga-251x350.jpg 251w, https:\/\/observadorserrano.com.ar\/wp-content\/uploads\/2024\/12\/invita-nat-sldnga-750x1046.jpg 750w\" sizes=\"(max-width: 967px) 100vw, 967px\" \/><\/p>\n<\/div>","protected":false},"excerpt":{"rendered":"<p>Sergio Bordoni inaugurar\u00e1 obras este s\u00e1bado junto al ministro Gabriel Katopodis El Intendente Municipal, Sergio Bordoni, inaugurar\u00e1 dos importantes obras este s\u00e1bado 14 junto al Ministro de Infraestructura y Servicios P\u00fablicos de la Provincia de Buenos Aires, Gabriel Katopodis. A las 10.45 hs, los funcionarios dejar\u00e1n inaugurada la red de agua potable en Villa Serrana [&hellip;]<\/p>\n","protected":false},"author":2,"featured_media":11161,"comment_status":"closed","ping_status":"closed","sticky":false,"template":"","format":"standard","meta":[],"categories":[43],"tags":[],"_links":{"self":[{"href":"https:\/\/observadorserrano.com.ar\/index.php?rest_route=\/wp\/v2\/posts\/11431"}],"collection":[{"href":"https:\/\/observadorserrano.com.ar\/index.php?rest_route=\/wp\/v2\/posts"}],"about":[{"href":"https:\/\/observadorserrano.com.ar\/index.php?rest_route=\/wp\/v2\/types\/post"}],"author":[{"embeddable":true,"href":"https:\/\/observadorserrano.com.ar\/index.php?rest_route=\/wp\/v2\/users\/2"}],"replies":[{"embeddable":true,"href":"https:\/\/observadorserrano.com.ar\/index.php?rest_route=%2Fwp%2Fv2%2Fcomments&post=11431"}],"version-history":[{"count":1,"href":"https:\/\/observadorserrano.com.ar\/index.php?rest_route=\/wp\/v2\/posts\/11431\/revisions"}],"predecessor-version":[{"id":11434,"href":"https:\/\/observadorserrano.com.ar\/index.php?rest_route=\/wp\/v2\/posts\/11431\/revisions\/11434"}],"wp:featuredmedia":[{"embeddable":true,"href":"https:\/\/observadorserrano.com.ar\/index.php?rest_route=\/wp\/v2\/media\/11161"}],"wp:attachment":[{"href":"https:\/\/observadorserrano.com.ar\/index.php?rest_route=%2Fwp%2Fv2%2Fmedia&parent=11431"}],"wp:term":[{"taxonomy":"category","embeddable":true,"href":"https:\/\/observadorserrano.com.ar\/index.php?rest_route=%2Fwp%2Fv2%2Fcategories&post=11431"},{"taxonomy":"post_tag","embeddable":true,"href":"https:\/\/observadorserrano.com.ar\/index.php?rest_route=%2Fwp%2Fv2%2Ftags&post=11431"}],"curies":[{"name":"wp","href":"https:\/\/api.w.org\/{rel}","templated":true}]}}