{"id":11580,"date":"2025-07-09T11:14:54","date_gmt":"2025-07-09T14:14:54","guid":{"rendered":"https:\/\/observadorserrano.com.ar\/?p=11580"},"modified":"2025-07-09T11:14:54","modified_gmt":"2025-07-09T14:14:54","slug":"columnistas-los-9-de-julio-no-es-una-fecha-mas-en-el-calendario","status":"publish","type":"post","link":"https:\/\/observadorserrano.com.ar\/?p=11580","title":{"rendered":"Columnistas: Los 9 de Julio no es una fecha m\u00e1s en el calendario"},"content":{"rendered":"<div class=\"pf-content\"><p align=\"center\"><img loading=\"lazy\" class=\"alignnone wp-image-89011 size-full\" src=\"https:\/\/www.celttv.com.ar\/wp-content\/uploads\/2025\/07\/emancipaciones.jpg\" alt=\"\" width=\"803\" height=\"404\" \/><\/p>\n<p align=\"center\"><strong>EMANCIPACIONES<\/strong><\/p>\n<p><strong>Los 9 de Julio no es una fecha m\u00e1s en el calendario.<\/strong>\u00a0Es el d\u00eda en que honramos a quienes, con coraje y visi\u00f3n, entregaron su vida, su bienestar y hasta la paz de sus hogares por un sue\u00f1o colectivo que superaba cualquier ambici\u00f3n individual: la libertad de una Naci\u00f3n. Aquella jornada de 1816 marc\u00f3 el inicio de nuestra soberan\u00eda, el momento en que el pueblo argentino comenz\u00f3 a forjar su propio destino con decisi\u00f3n y esperanza. Desde entonces, cada generaci\u00f3n ha tenido la oportunidad de escribir nuevas p\u00e1ginas en esta historia com\u00fan, con la convicci\u00f3n de que el futuro se construye con unidad, esfuerzo y fe en lo que somos capaces de lograr juntos.<\/p>\n<p>&nbsp;<\/p>\n<p><strong>Pero no debemos quedarnos en la ret\u00f3rica.<\/strong>\u00a0La independencia proclamada en 1816 fue apenas el primer paso de un largo y complejo camino. Pasaron m\u00e1s de cincuenta a\u00f1os hasta que logramos plasmar en una Constituci\u00f3n los principios de un pa\u00eds democr\u00e1tico, republicano, representativo y federal. Sin embargo, esos ideales -que deber\u00edan ser el alma de nuestra vida institucional- han sido muchas veces relegados, cuando no ignorados. Desde 1861, la Argentina ha cargado con un modelo excesivamente centralista, que debilita a las provincias y relega a los municipios al margen de las decisiones clave. En lugar de una Naci\u00f3n verdaderamente federal, hemos consolidado una estructura piramidal, donde el poder se concentra en un solo v\u00e9rtice. Y sin equilibrios reales, no hay rep\u00fablica posible.<\/p>\n<p>&nbsp;<\/p>\n<p><strong>Nuestros territorios, como en aquellas primeras d\u00e9cadas del S.XIX, siguen dando batalla contra un modelo unitario que se disfraza de modernidad.<\/strong>\u00a0Cambian los discursos -sean progresistas o liberales- pero la l\u00f3gica de concentraci\u00f3n del poder permanece inalterable. La emancipaci\u00f3n que a\u00fan nos debemos no es solo la que nos separa de antiguas metr\u00f3polis extranjeras, sino la que nos libere de un Estado nacional que ha naturalizado su rol de tutor y vigilante de las provincias. La verdadera independencia ser\u00e1 aquella que reconozca la dignidad de cada rinc\u00f3n del pa\u00eds, que devuelva a los gobiernos locales la capacidad de decidir su destino, y que transforme el federalismo en una realidad viva, no en una consigna invisibilizada.<\/p>\n<p>&nbsp;<\/p>\n<p><strong>Hoy se nos impone una segunda emancipaci\u00f3n: la de reconstruir el federalismo desde sus cimientos.<\/strong>\u00a0Una emancipaci\u00f3n que exige que los gobernadores recuperen la dignidad institucional de sus provincias y dejen de depender de transferencias discrecionales que condicionan su autonom\u00eda. Que se animen a pensar en clave regional, a coordinar entre provincias con visi\u00f3n estrat\u00e9gica, y a ejercer el poder que la Constituci\u00f3n les reconoce, sin pedir permiso al centro. Con\u00a0<i>Lealtad Federal<\/i>, respeto mutuo, evitando abusos y priorizando el bien com\u00fan del conjunto federativo. Y que los municipios, por fin, asuman el desaf\u00edo de debatir y sancionar sus propias Cartas Org\u00e1nicas, fortaleciendo esa democracia de proximidad que es la m\u00e1s genuina. Porque si la pol\u00edtica no se arraiga en lo cotidiano, en la vida real de nuestras comunidades, pierde su raz\u00f3n de ser.<\/p>\n<p>&nbsp;<\/p>\n<p><strong>Existe tambi\u00e9n una tercera emancipaci\u00f3n, tan urgente como ineludible: liberarnos del modelo extractivista que nos condena a ser meros exportadores de materias primas sin valor agregado.<\/strong>\u00a0No se trata solo de la miner\u00eda: el viejo esquema agr\u00edcola-ganadero, sin innovaci\u00f3n ni industrializaci\u00f3n, perpet\u00faa la misma l\u00f3gica de dependencia. Mientras tanto, \u00c1frica se organiza, recibe transferencia tecnol\u00f3gica de potencias como China y Rusia, y se prepara para convertirse en el nuevo granero euroasi\u00e1tico. Su ventaja es clara: cercan\u00eda geogr\u00e1fica a los grandes mercados, una red ferroviaria en expansi\u00f3n y el 60% de las tierras f\u00e9rtiles del planeta, aunque hoy solo produce el 4% de los alimentos. La pr\u00f3xima d\u00e9cada ser\u00e1 decisiva. Si no redefinimos nuestra matriz productiva con inteligencia, tecnolog\u00eda y soberan\u00eda, corremos el riesgo de quedar relegados en el nuevo mapa global. La independencia del S. XXI ser\u00e1 productiva o no ser\u00e1.<\/p>\n<p>&nbsp;<\/p>\n<p><strong>Por \u00faltimo -y acaso m\u00e1s decisiva que todas- se impone una cuarta emancipaci\u00f3n: la de romper los lazos invisibles pero persistentes que nos atan simb\u00f3licamente a la l\u00f3gica del Norte Global.<\/strong><b>\u00a0<\/b>No alcanza con discursos encendidos ni con gestos de rebeld\u00eda superficial. La verdadera independencia cultural exige algo mucho m\u00e1s profundo: producir pensamiento propio. Necesitamos construir nuestras propias categor\u00edas de an\u00e1lisis, una filosof\u00eda pol\u00edtica arraigada en nuestra historia, una teor\u00eda del poder que nazca de nuestras luchas y una historiograf\u00eda revisionista que no repita los moldes ajenos, sino que interprete el pasado desde nuestras propias preguntas. Porque un pa\u00eds que no piensa con cabeza propia est\u00e1 condenado a vivir con las ideas de otros. Y sin soberan\u00eda intelectual, toda otra forma de soberan\u00eda es incompleta. El 9 de Julio no solo nos recuerda que fuimos capaces de romper cadenas materiales; nos desaf\u00eda, hoy m\u00e1s que nunca, a liberarnos tambi\u00e9n en el plano simb\u00f3lico, cultural y espiritual. Solo as\u00ed seremos verdaderamente libres.<\/p>\n<p>&nbsp;<\/p>\n<p><strong>Hoy, como ayer, la libertad no se hereda: se conquista.<\/strong><b>\u00a0<\/b>Y en este S.XXI, la emancipaci\u00f3n no se libra solo en los campos de batalla ni en los recintos legislativos, sino tambi\u00e9n en los laboratorios, en las aulas, en los centros de datos y en los espacios de trabajo. La inteligencia artificial y las nuevas tecnolog\u00edas no deben ser vistas como amenazas, sino como herramientas poderosas de liberaci\u00f3n si se las pone al servicio del desarrollo nacional. Pero para que eso ocurra, es imprescindible un pacto profundo entre el Estado, el sector privado, el campo y la ciudad, la producci\u00f3n universitaria y t\u00e9cnica, y los trabajadores organizados. Solo con una alianza estrat\u00e9gica entre conocimiento, trabajo y territorio podremos construir un modelo argentino para un proyecto de naci\u00f3n que no repita recetas ajenas, sino que dise\u00f1e su propio destino.<\/p>\n<p>&nbsp;<\/p>\n<p>La independencia no es un hecho del pasado: es una tarea del presente. Y es, sobre todo, una promesa de futuro.<\/p>\n<p>&nbsp;<\/p>\n<p><strong>Luis Gotte<\/strong><\/p>\n<p>Mar del Plata<\/p>\n<p><em><a href=\"mailto:luisgotte@gmail.com\" target=\"_blank\" rel=\"noopener\">luisgotte@gmail.com<\/a><\/em><\/p>\n<\/div>","protected":false},"excerpt":{"rendered":"<p>EMANCIPACIONES Los 9 de Julio no es una fecha m\u00e1s en el calendario.\u00a0Es el d\u00eda en que honramos a quienes, con coraje y visi\u00f3n, entregaron su vida, su bienestar y hasta la paz de sus hogares por un sue\u00f1o colectivo que superaba cualquier ambici\u00f3n individual: la libertad de una Naci\u00f3n. Aquella jornada de 1816 marc\u00f3 [&hellip;]<\/p>\n","protected":false},"author":2,"featured_media":11581,"comment_status":"closed","ping_status":"closed","sticky":false,"template":"","format":"standard","meta":[],"categories":[18,19],"tags":[],"_links":{"self":[{"href":"https:\/\/observadorserrano.com.ar\/index.php?rest_route=\/wp\/v2\/posts\/11580"}],"collection":[{"href":"https:\/\/observadorserrano.com.ar\/index.php?rest_route=\/wp\/v2\/posts"}],"about":[{"href":"https:\/\/observadorserrano.com.ar\/index.php?rest_route=\/wp\/v2\/types\/post"}],"author":[{"embeddable":true,"href":"https:\/\/observadorserrano.com.ar\/index.php?rest_route=\/wp\/v2\/users\/2"}],"replies":[{"embeddable":true,"href":"https:\/\/observadorserrano.com.ar\/index.php?rest_route=%2Fwp%2Fv2%2Fcomments&post=11580"}],"version-history":[{"count":1,"href":"https:\/\/observadorserrano.com.ar\/index.php?rest_route=\/wp\/v2\/posts\/11580\/revisions"}],"predecessor-version":[{"id":11582,"href":"https:\/\/observadorserrano.com.ar\/index.php?rest_route=\/wp\/v2\/posts\/11580\/revisions\/11582"}],"wp:featuredmedia":[{"embeddable":true,"href":"https:\/\/observadorserrano.com.ar\/index.php?rest_route=\/wp\/v2\/media\/11581"}],"wp:attachment":[{"href":"https:\/\/observadorserrano.com.ar\/index.php?rest_route=%2Fwp%2Fv2%2Fmedia&parent=11580"}],"wp:term":[{"taxonomy":"category","embeddable":true,"href":"https:\/\/observadorserrano.com.ar\/index.php?rest_route=%2Fwp%2Fv2%2Fcategories&post=11580"},{"taxonomy":"post_tag","embeddable":true,"href":"https:\/\/observadorserrano.com.ar\/index.php?rest_route=%2Fwp%2Fv2%2Ftags&post=11580"}],"curies":[{"name":"wp","href":"https:\/\/api.w.org\/{rel}","templated":true}]}}