{"id":11688,"date":"2025-10-28T17:47:51","date_gmt":"2025-10-28T20:47:51","guid":{"rendered":"https:\/\/observadorserrano.com.ar\/?p=11688"},"modified":"2025-10-28T17:47:51","modified_gmt":"2025-10-28T20:47:51","slug":"ines-irene-pettinari-beba-q-e-p-d-fallecio-en-tornquist-el-28-de-octubre-de-2025-a-los-90-anos-de-edad","status":"publish","type":"post","link":"https:\/\/observadorserrano.com.ar\/?p=11688","title":{"rendered":"In\u00e9s Irene PETTINARI (\u201cBeba\u201d) Q.E.P.D.: Falleci\u00f3 en Tornquist el 28 de Octubre de 2025 a los 90 a\u00f1os de edad"},"content":{"rendered":"<div class=\"pf-content\"><div>In\u00e9s Irene PETTINARI (\u201cBeba\u201d) Q.E.P.D.: Falleci\u00f3 en Tornquist el 28 de Octubre de 2025 a los 90 a\u00f1os de edad. Su hermano Rub\u00e9n PETTINARI. Sus hermanas pol\u00edticas Elisa Esther ZELARRAY\u00c1N Y N\u00e9lida STREITEMBERGER. Sus sobrinos Gabriel, Germ\u00e1n, Romina y Marina PETTINARI. Sus sobrinos pol\u00edticos, sobrinos nietos, dem\u00e1s familiares y amistades participan su deceso y comunican que sus restos ser\u00e1n inhumados ma\u00f1ana (mi\u00e9rcoles 29\/10) a las 10.30 horas en la necr\u00f3polis de nuestra localidad. Casa velatoria G\u00fcemes 236, Tornquist (desde las 09.00 horas). Casa de duelo Santiago Amarante 350 (Geri\u00e1trico del Hospital Municipal), Tornquist. Servicio a cargo de la Cooperativa El\u00e9ctrica Limitada de Tornquist.<\/div>\n<\/div>","protected":false},"excerpt":{"rendered":"<p>In\u00e9s Irene PETTINARI (\u201cBeba\u201d) Q.E.P.D.: Falleci\u00f3 en Tornquist el 28 de Octubre de 2025 a los 90 a\u00f1os de edad. Su hermano Rub\u00e9n PETTINARI. Sus hermanas pol\u00edticas Elisa Esther ZELARRAY\u00c1N Y N\u00e9lida STREITEMBERGER. Sus sobrinos Gabriel, Germ\u00e1n, Romina y Marina PETTINARI. Sus sobrinos pol\u00edticos, sobrinos nietos, dem\u00e1s familiares y amistades participan su deceso y comunican [&hellip;]<\/p>\n","protected":false},"author":2,"featured_media":9390,"comment_status":"closed","ping_status":"closed","sticky":false,"template":"","format":"standard","meta":[],"categories":[44],"tags":[],"_links":{"self":[{"href":"https:\/\/observadorserrano.com.ar\/index.php?rest_route=\/wp\/v2\/posts\/11688"}],"collection":[{"href":"https:\/\/observadorserrano.com.ar\/index.php?rest_route=\/wp\/v2\/posts"}],"about":[{"href":"https:\/\/observadorserrano.com.ar\/index.php?rest_route=\/wp\/v2\/types\/post"}],"author":[{"embeddable":true,"href":"https:\/\/observadorserrano.com.ar\/index.php?rest_route=\/wp\/v2\/users\/2"}],"replies":[{"embeddable":true,"href":"https:\/\/observadorserrano.com.ar\/index.php?rest_route=%2Fwp%2Fv2%2Fcomments&post=11688"}],"version-history":[{"count":1,"href":"https:\/\/observadorserrano.com.ar\/index.php?rest_route=\/wp\/v2\/posts\/11688\/revisions"}],"predecessor-version":[{"id":11689,"href":"https:\/\/observadorserrano.com.ar\/index.php?rest_route=\/wp\/v2\/posts\/11688\/revisions\/11689"}],"wp:featuredmedia":[{"embeddable":true,"href":"https:\/\/observadorserrano.com.ar\/index.php?rest_route=\/wp\/v2\/media\/9390"}],"wp:attachment":[{"href":"https:\/\/observadorserrano.com.ar\/index.php?rest_route=%2Fwp%2Fv2%2Fmedia&parent=11688"}],"wp:term":[{"taxonomy":"category","embeddable":true,"href":"https:\/\/observadorserrano.com.ar\/index.php?rest_route=%2Fwp%2Fv2%2Fcategories&post=11688"},{"taxonomy":"post_tag","embeddable":true,"href":"https:\/\/observadorserrano.com.ar\/index.php?rest_route=%2Fwp%2Fv2%2Ftags&post=11688"}],"curies":[{"name":"wp","href":"https:\/\/api.w.org\/{rel}","templated":true}]}}