{"id":1312,"date":"2020-12-24T10:03:32","date_gmt":"2020-12-24T13:03:32","guid":{"rendered":"https:\/\/observadorserrano.com.ar\/?p=1312"},"modified":"2020-12-24T10:09:45","modified_gmt":"2020-12-24T13:09:45","slug":"covid-19-7-nuevos-casos-positivos-y-hay-9-recuperados","status":"publish","type":"post","link":"https:\/\/observadorserrano.com.ar\/?p=1312","title":{"rendered":"Covid 19: 7 nuevos casos positivos y hay 9 recuperados"},"content":{"rendered":"<div class=\"pf-content\"><p>La Secretar\u00eda de Salud report\u00f3 esta ma\u00f1ana 7 nuevos casos positivos de Covid19 en el distrito y 9 recuperados.<\/p>\n<p>Ahora suman 537 los casos confirmados de los cuales 38 se mantienen activos (<strong>(28 de Tornquist, 5 Saldungaray, 4 en Sierra de la Ventana y 1 de Villa Ventana)<\/strong> y hay 489 recuperados y 15 sospechosos. Son 564 los descartados, 139 personas aisladas preventivamente y 10 fallecidos.<\/p>\n<p><a href=\"http:\/\/www.celttv.com.ar\/?attachment_id=54438\" rel=\"attachment wp-att-54438\"><img loading=\"lazy\" class=\"alignleft size-full wp-image-54438\" src=\"http:\/\/www.celttv.com.ar\/wp-content\/uploads\/2020\/12\/175.jpg\" alt=\"\" width=\"1080\" height=\"1080\" \/><\/a><\/p>\n<\/div>","protected":false},"excerpt":{"rendered":"<p>La Secretar\u00eda de Salud report\u00f3 esta ma\u00f1ana 7 nuevos casos positivos de Covid19 en el distrito y 9 recuperados. Ahora suman 537 los casos confirmados de los cuales 38 se mantienen activos ((28 de Tornquist, 5 Saldungaray, 4 en Sierra de la Ventana y 1 de Villa Ventana) y hay 489 recuperados y 15 sospechosos. [&hellip;]<\/p>\n","protected":false},"author":2,"featured_media":1313,"comment_status":"open","ping_status":"open","sticky":false,"template":"","format":"standard","meta":[],"categories":[18,43],"tags":[303,127,201],"_links":{"self":[{"href":"https:\/\/observadorserrano.com.ar\/index.php?rest_route=\/wp\/v2\/posts\/1312"}],"collection":[{"href":"https:\/\/observadorserrano.com.ar\/index.php?rest_route=\/wp\/v2\/posts"}],"about":[{"href":"https:\/\/observadorserrano.com.ar\/index.php?rest_route=\/wp\/v2\/types\/post"}],"author":[{"embeddable":true,"href":"https:\/\/observadorserrano.com.ar\/index.php?rest_route=\/wp\/v2\/users\/2"}],"replies":[{"embeddable":true,"href":"https:\/\/observadorserrano.com.ar\/index.php?rest_route=%2Fwp%2Fv2%2Fcomments&post=1312"}],"version-history":[{"count":3,"href":"https:\/\/observadorserrano.com.ar\/index.php?rest_route=\/wp\/v2\/posts\/1312\/revisions"}],"predecessor-version":[{"id":1316,"href":"https:\/\/observadorserrano.com.ar\/index.php?rest_route=\/wp\/v2\/posts\/1312\/revisions\/1316"}],"wp:featuredmedia":[{"embeddable":true,"href":"https:\/\/observadorserrano.com.ar\/index.php?rest_route=\/wp\/v2\/media\/1313"}],"wp:attachment":[{"href":"https:\/\/observadorserrano.com.ar\/index.php?rest_route=%2Fwp%2Fv2%2Fmedia&parent=1312"}],"wp:term":[{"taxonomy":"category","embeddable":true,"href":"https:\/\/observadorserrano.com.ar\/index.php?rest_route=%2Fwp%2Fv2%2Fcategories&post=1312"},{"taxonomy":"post_tag","embeddable":true,"href":"https:\/\/observadorserrano.com.ar\/index.php?rest_route=%2Fwp%2Fv2%2Ftags&post=1312"}],"curies":[{"name":"wp","href":"https:\/\/api.w.org\/{rel}","templated":true}]}}