{"id":1454,"date":"2021-01-09T12:41:19","date_gmt":"2021-01-09T15:41:19","guid":{"rendered":"https:\/\/observadorserrano.com.ar\/?p=1454"},"modified":"2021-01-09T12:41:19","modified_gmt":"2021-01-09T15:41:19","slug":"reportan-seis-nuevos-casos-positivos-de-covid-19-en-el-distrito","status":"publish","type":"post","link":"https:\/\/observadorserrano.com.ar\/?p=1454","title":{"rendered":"Reportan seis nuevos casos positivos de Covid 19 en el distrito"},"content":{"rendered":"<div class=\"pf-content\"><p>La Secretaria de Salud informa que\u00a0 ayer, por un error se contabilizaron dos altas de m\u00e1s y \u00e9ste s\u00e1bado se informaron ocho nuevos casos positivos, por lo que los activos suman 37 (7 en Tornquist, 8 en Sierra y 2 en Chasico)<\/p>\n<p>Ahora suman 608 los casos confirmados, 37 de los cuales se mantienen activos, hay 561 recuperados, ning\u00fan sospechoso, 631 descartados, 199 personas aisladas preventivamente y 10 fallecidos.<\/p>\n<p><a href=\"http:\/\/www.celttv.com.ar\/?attachment_id=54764\" rel=\"attachment wp-att-54764\"><img loading=\"lazy\" class=\"alignleft size-full wp-image-54764\" src=\"http:\/\/www.celttv.com.ar\/wp-content\/uploads\/2021\/01\/183.jpg\" alt=\"\" width=\"1080\" height=\"1080\" \/><\/a><\/p>\n<p>&nbsp;<\/p>\n<\/div>","protected":false},"excerpt":{"rendered":"<p>La Secretaria de Salud informa que\u00a0 ayer, por un error se contabilizaron dos altas de m\u00e1s y \u00e9ste s\u00e1bado se informaron ocho nuevos casos positivos, por lo que los activos suman 37 (7 en Tornquist, 8 en Sierra y 2 en Chasico) Ahora suman 608 los casos confirmados, 37 de los cuales se mantienen activos, [&hellip;]<\/p>\n","protected":false},"author":2,"featured_media":1455,"comment_status":"open","ping_status":"open","sticky":false,"template":"","format":"standard","meta":[],"categories":[18,43],"tags":[358,127],"_links":{"self":[{"href":"https:\/\/observadorserrano.com.ar\/index.php?rest_route=\/wp\/v2\/posts\/1454"}],"collection":[{"href":"https:\/\/observadorserrano.com.ar\/index.php?rest_route=\/wp\/v2\/posts"}],"about":[{"href":"https:\/\/observadorserrano.com.ar\/index.php?rest_route=\/wp\/v2\/types\/post"}],"author":[{"embeddable":true,"href":"https:\/\/observadorserrano.com.ar\/index.php?rest_route=\/wp\/v2\/users\/2"}],"replies":[{"embeddable":true,"href":"https:\/\/observadorserrano.com.ar\/index.php?rest_route=%2Fwp%2Fv2%2Fcomments&post=1454"}],"version-history":[{"count":1,"href":"https:\/\/observadorserrano.com.ar\/index.php?rest_route=\/wp\/v2\/posts\/1454\/revisions"}],"predecessor-version":[{"id":1456,"href":"https:\/\/observadorserrano.com.ar\/index.php?rest_route=\/wp\/v2\/posts\/1454\/revisions\/1456"}],"wp:featuredmedia":[{"embeddable":true,"href":"https:\/\/observadorserrano.com.ar\/index.php?rest_route=\/wp\/v2\/media\/1455"}],"wp:attachment":[{"href":"https:\/\/observadorserrano.com.ar\/index.php?rest_route=%2Fwp%2Fv2%2Fmedia&parent=1454"}],"wp:term":[{"taxonomy":"category","embeddable":true,"href":"https:\/\/observadorserrano.com.ar\/index.php?rest_route=%2Fwp%2Fv2%2Fcategories&post=1454"},{"taxonomy":"post_tag","embeddable":true,"href":"https:\/\/observadorserrano.com.ar\/index.php?rest_route=%2Fwp%2Fv2%2Ftags&post=1454"}],"curies":[{"name":"wp","href":"https:\/\/api.w.org\/{rel}","templated":true}]}}