{"id":1457,"date":"2021-01-09T12:54:28","date_gmt":"2021-01-09T15:54:28","guid":{"rendered":"https:\/\/observadorserrano.com.ar\/?p=1457"},"modified":"2021-01-09T12:54:28","modified_gmt":"2021-01-09T15:54:28","slug":"canle-el-inicio-de-temporada-es-muy-bueno-porque-hoy-somos-un-destino-seguro-en-medio-de-la-pandemia","status":"publish","type":"post","link":"https:\/\/observadorserrano.com.ar\/?p=1457","title":{"rendered":"CANLE: &#8220;El inicio de temporada es muy bueno porque hoy somos un destino seguro en medio de la pandemia&#8221;"},"content":{"rendered":"<div class=\"pf-content\"><p>El inicio de la temporada estival 2021 ha sido muy bueno en toda la Comarca Serrana, donde las reservas -durante las fiestas- oscilaron entre el 75 y el 100 %.<\/p>\n<p>Para conocer a\u00fan m\u00e1s sobre el desarrollo de los primeros d\u00edas de las vacaciones en el distrito y de las repercusi\u00f3n que podr\u00edan tener las nuevas medidas sanitarias impulsadas por el gobierno nacional en el sector tur\u00edstico y comercial, CELTTV NOTICIAS dialog\u00f3 con Pablo Canle, presidente de la Asociaci\u00f3n de Turismo.<\/p>\n<div class=\"jeg_video_container jeg_video_content\"><iframe loading=\"lazy\" title=\"2021 01 08 PABLO CANLE  VIA ZOOM\" width=\"500\" height=\"281\" src=\"https:\/\/www.youtube.com\/embed\/3ixK81jPHpk?feature=oembed\" frameborder=\"0\" allow=\"accelerometer; autoplay; clipboard-write; encrypted-media; gyroscope; picture-in-picture\" allowfullscreen><\/iframe><\/div>\n<\/div>","protected":false},"excerpt":{"rendered":"<p>El inicio de la temporada estival 2021 ha sido muy bueno en toda la Comarca Serrana, donde las reservas -durante las fiestas- oscilaron entre el 75 y el 100 %. Para conocer a\u00fan m\u00e1s sobre el desarrollo de los primeros d\u00edas de las vacaciones en el distrito y de las repercusi\u00f3n que podr\u00edan tener las [&hellip;]<\/p>\n","protected":false},"author":2,"featured_media":365,"comment_status":"open","ping_status":"open","sticky":false,"template":"","format":"standard","meta":[],"categories":[9],"tags":[360,359],"_links":{"self":[{"href":"https:\/\/observadorserrano.com.ar\/index.php?rest_route=\/wp\/v2\/posts\/1457"}],"collection":[{"href":"https:\/\/observadorserrano.com.ar\/index.php?rest_route=\/wp\/v2\/posts"}],"about":[{"href":"https:\/\/observadorserrano.com.ar\/index.php?rest_route=\/wp\/v2\/types\/post"}],"author":[{"embeddable":true,"href":"https:\/\/observadorserrano.com.ar\/index.php?rest_route=\/wp\/v2\/users\/2"}],"replies":[{"embeddable":true,"href":"https:\/\/observadorserrano.com.ar\/index.php?rest_route=%2Fwp%2Fv2%2Fcomments&post=1457"}],"version-history":[{"count":1,"href":"https:\/\/observadorserrano.com.ar\/index.php?rest_route=\/wp\/v2\/posts\/1457\/revisions"}],"predecessor-version":[{"id":1458,"href":"https:\/\/observadorserrano.com.ar\/index.php?rest_route=\/wp\/v2\/posts\/1457\/revisions\/1458"}],"wp:featuredmedia":[{"embeddable":true,"href":"https:\/\/observadorserrano.com.ar\/index.php?rest_route=\/wp\/v2\/media\/365"}],"wp:attachment":[{"href":"https:\/\/observadorserrano.com.ar\/index.php?rest_route=%2Fwp%2Fv2%2Fmedia&parent=1457"}],"wp:term":[{"taxonomy":"category","embeddable":true,"href":"https:\/\/observadorserrano.com.ar\/index.php?rest_route=%2Fwp%2Fv2%2Fcategories&post=1457"},{"taxonomy":"post_tag","embeddable":true,"href":"https:\/\/observadorserrano.com.ar\/index.php?rest_route=%2Fwp%2Fv2%2Ftags&post=1457"}],"curies":[{"name":"wp","href":"https:\/\/api.w.org\/{rel}","templated":true}]}}