{"id":1529,"date":"2021-01-19T17:19:17","date_gmt":"2021-01-19T20:19:17","guid":{"rendered":"https:\/\/observadorserrano.com.ar\/?p=1529"},"modified":"2021-01-19T17:19:17","modified_gmt":"2021-01-19T20:19:17","slug":"una-densa-humareda-preocupo-esta-manana-a-los-vecinos-de-tornquist-video-y-nota","status":"publish","type":"post","link":"https:\/\/observadorserrano.com.ar\/?p=1529","title":{"rendered":"Una densa humareda preocup\u00f3 esta ma\u00f1ana a los vecinos de Tornquist (video y nota)"},"content":{"rendered":"<div class=\"pf-content\"><p>Una densa humareda preocup\u00f3 esta ma\u00f1ana a los vecinos de Tornquist hasta que se pudo establecer que part\u00eda de un incendio declarado en el Basurero Municipal. Se quemaron una importante cantidad de neum\u00e1ticos acopiados en el lugar y el denso humo negro comenz\u00f3 a desplazarse, por efecto del viento, hacia el sector urbano.<\/p>\n<p>&#8220;Cabe pensar que esto es un incendio intencional porque esto era un incendio que se hab\u00eda iniciado hace dos dias y estaba totalmente apagado y de golpe aparece un foco en un sector donde estaban acumuladas las cubiertas. El humo asusta por el color y lo denso pero es caracter\u00edstico por la quema del neum\u00e1tico&#8221; explic\u00f3 el secretario de gobierno y seguridad Ezequiel Gabella.<\/p>\n<p>&#8220;Nos da mucho que pensar de la manera que se dan estos incendios&#8221; abrevi\u00f3 Gabella.<\/p>\n<p>EL funcionario se refiri\u00f3 asimismo a lo avanzado de la gesti\u00f3n que se est\u00e1 llevando a cabo a nivel regional para la erradicaci\u00f3n definitiva de los basureros a cielo abierto.<\/p>\n<p><strong>NOTA COMPLETA EN VIDEO<\/strong><\/p>\n<div class=\"jeg_video_container jeg_video_content\"><iframe loading=\"lazy\" title=\"2021 01 19 INCENDIO EN EL BASURERO   COMUNICACION TELEFONICA CON EZEQUIEL GABELLA\" width=\"500\" height=\"281\" src=\"https:\/\/www.youtube.com\/embed\/coxwi2mvxfo?feature=oembed\" frameborder=\"0\" allow=\"accelerometer; autoplay; clipboard-write; encrypted-media; gyroscope; picture-in-picture\" allowfullscreen><\/iframe><\/div>\n<p><strong>IMAGENES DEL INCENDIO EN EL BASURERO MUNICIPAL<\/strong><\/p>\n<div class=\"jeg_video_container jeg_video_content\"><iframe loading=\"lazy\" title=\"2021 01 19 INCENDIO EN EL BASURERO\" width=\"500\" height=\"281\" src=\"https:\/\/www.youtube.com\/embed\/9LdVsOMkAPs?feature=oembed\" frameborder=\"0\" allow=\"accelerometer; autoplay; clipboard-write; encrypted-media; gyroscope; picture-in-picture\" allowfullscreen><\/iframe><\/div>\n<\/div>","protected":false},"excerpt":{"rendered":"<p>Una densa humareda preocup\u00f3 esta ma\u00f1ana a los vecinos de Tornquist hasta que se pudo establecer que part\u00eda de un incendio declarado en el Basurero Municipal. Se quemaron una importante cantidad de neum\u00e1ticos acopiados en el lugar y el denso humo negro comenz\u00f3 a desplazarse, por efecto del viento, hacia el sector urbano. &#8220;Cabe pensar [&hellip;]<\/p>\n","protected":false},"author":2,"featured_media":1530,"comment_status":"open","ping_status":"open","sticky":false,"template":"","format":"standard","meta":[],"categories":[18,43,45],"tags":[391],"_links":{"self":[{"href":"https:\/\/observadorserrano.com.ar\/index.php?rest_route=\/wp\/v2\/posts\/1529"}],"collection":[{"href":"https:\/\/observadorserrano.com.ar\/index.php?rest_route=\/wp\/v2\/posts"}],"about":[{"href":"https:\/\/observadorserrano.com.ar\/index.php?rest_route=\/wp\/v2\/types\/post"}],"author":[{"embeddable":true,"href":"https:\/\/observadorserrano.com.ar\/index.php?rest_route=\/wp\/v2\/users\/2"}],"replies":[{"embeddable":true,"href":"https:\/\/observadorserrano.com.ar\/index.php?rest_route=%2Fwp%2Fv2%2Fcomments&post=1529"}],"version-history":[{"count":1,"href":"https:\/\/observadorserrano.com.ar\/index.php?rest_route=\/wp\/v2\/posts\/1529\/revisions"}],"predecessor-version":[{"id":1531,"href":"https:\/\/observadorserrano.com.ar\/index.php?rest_route=\/wp\/v2\/posts\/1529\/revisions\/1531"}],"wp:featuredmedia":[{"embeddable":true,"href":"https:\/\/observadorserrano.com.ar\/index.php?rest_route=\/wp\/v2\/media\/1530"}],"wp:attachment":[{"href":"https:\/\/observadorserrano.com.ar\/index.php?rest_route=%2Fwp%2Fv2%2Fmedia&parent=1529"}],"wp:term":[{"taxonomy":"category","embeddable":true,"href":"https:\/\/observadorserrano.com.ar\/index.php?rest_route=%2Fwp%2Fv2%2Fcategories&post=1529"},{"taxonomy":"post_tag","embeddable":true,"href":"https:\/\/observadorserrano.com.ar\/index.php?rest_route=%2Fwp%2Fv2%2Ftags&post=1529"}],"curies":[{"name":"wp","href":"https:\/\/api.w.org\/{rel}","templated":true}]}}