{"id":1532,"date":"2021-01-19T18:23:45","date_gmt":"2021-01-19T21:23:45","guid":{"rendered":"https:\/\/observadorserrano.com.ar\/?p=1532"},"modified":"2021-01-19T18:23:57","modified_gmt":"2021-01-19T21:23:57","slug":"futbol-regional-habra-campeonato-en-el-2021-nota-con-el-dr-ernesto-palenzona","status":"publish","type":"post","link":"https:\/\/observadorserrano.com.ar\/?p=1532","title":{"rendered":"Futbol Regional: \u00bfHabr\u00e1 campeonato en el 2021? (Nota con el Dr. Ernesto Palenzona)"},"content":{"rendered":"<div class=\"pf-content\"><p>En el arranque del a\u00f1o, transitando la segunda quincena de enero, digamos que existen mas dudas que certezas en cuanto al inicio de la temporada 2021.<\/p>\n<p>Como tantas otras, la actividad est\u00e1 atravesada por esta pandemia que azota al mundo entero y se hace muy dif\u00edcil para los dirigentes poder asumir la responsabilidad y definir el inicio de la actividad futbol\u00edstica en todas sus categor\u00edas.<\/p>\n<p>Sobre le particular <strong>CELTTV Noticias<\/strong> dialog\u00f3 con el presidente de la Liga de Coronel Suarez en el a\u00f1o del centenario de la instituci\u00f3n que nuclea al f\u00fatbol regional.<\/p>\n<p>&#8220;Est\u00e1 todo muy tranquilos; hubo un amague re reuni\u00f3n y lamentablemente se abort\u00f3 por la sumatoria de casos en varios de los seis distritos que componen esta liga&#8221; explic\u00f3 Palenzona.<\/p>\n<p>&#8220;Es un a\u00f1o complicado y a nivel f\u00fatbol federado, del que nosotros dependemos, no cambio nada&#8221; sostuvo el experimentado dirigente liguista ingresando en 40\u00ba per\u00edodo al frente de la Liga que est\u00e1 cumpliendo cien a\u00f1os.<\/p>\n<p><strong>NOTA COMPLETA DE CELTTV NOTICIAS EN VIDEO<\/strong><\/p>\n<div class=\"jeg_video_container jeg_video_content\"><iframe loading=\"lazy\" title=\"2021 01 19 ERNESTO PALENZONA    COMUNICACION TELEFONICA\" width=\"500\" height=\"281\" src=\"https:\/\/www.youtube.com\/embed\/8B7MJTnJt_Q?feature=oembed\" frameborder=\"0\" allow=\"accelerometer; autoplay; clipboard-write; encrypted-media; gyroscope; picture-in-picture\" allowfullscreen><\/iframe><\/div>\n<p>&nbsp;<\/p>\n<\/div>","protected":false},"excerpt":{"rendered":"<p>En el arranque del a\u00f1o, transitando la segunda quincena de enero, digamos que existen mas dudas que certezas en cuanto al inicio de la temporada 2021. Como tantas otras, la actividad est\u00e1 atravesada por esta pandemia que azota al mundo entero y se hace muy dif\u00edcil para los dirigentes poder asumir la responsabilidad y definir [&hellip;]<\/p>\n","protected":false},"author":2,"featured_media":1533,"comment_status":"open","ping_status":"open","sticky":false,"template":"","format":"standard","meta":[],"categories":[21],"tags":[392,393],"_links":{"self":[{"href":"https:\/\/observadorserrano.com.ar\/index.php?rest_route=\/wp\/v2\/posts\/1532"}],"collection":[{"href":"https:\/\/observadorserrano.com.ar\/index.php?rest_route=\/wp\/v2\/posts"}],"about":[{"href":"https:\/\/observadorserrano.com.ar\/index.php?rest_route=\/wp\/v2\/types\/post"}],"author":[{"embeddable":true,"href":"https:\/\/observadorserrano.com.ar\/index.php?rest_route=\/wp\/v2\/users\/2"}],"replies":[{"embeddable":true,"href":"https:\/\/observadorserrano.com.ar\/index.php?rest_route=%2Fwp%2Fv2%2Fcomments&post=1532"}],"version-history":[{"count":1,"href":"https:\/\/observadorserrano.com.ar\/index.php?rest_route=\/wp\/v2\/posts\/1532\/revisions"}],"predecessor-version":[{"id":1534,"href":"https:\/\/observadorserrano.com.ar\/index.php?rest_route=\/wp\/v2\/posts\/1532\/revisions\/1534"}],"wp:featuredmedia":[{"embeddable":true,"href":"https:\/\/observadorserrano.com.ar\/index.php?rest_route=\/wp\/v2\/media\/1533"}],"wp:attachment":[{"href":"https:\/\/observadorserrano.com.ar\/index.php?rest_route=%2Fwp%2Fv2%2Fmedia&parent=1532"}],"wp:term":[{"taxonomy":"category","embeddable":true,"href":"https:\/\/observadorserrano.com.ar\/index.php?rest_route=%2Fwp%2Fv2%2Fcategories&post=1532"},{"taxonomy":"post_tag","embeddable":true,"href":"https:\/\/observadorserrano.com.ar\/index.php?rest_route=%2Fwp%2Fv2%2Ftags&post=1532"}],"curies":[{"name":"wp","href":"https:\/\/api.w.org\/{rel}","templated":true}]}}