{"id":1550,"date":"2021-01-21T18:26:23","date_gmt":"2021-01-21T21:26:23","guid":{"rendered":"https:\/\/observadorserrano.com.ar\/?p=1550"},"modified":"2021-01-21T18:26:23","modified_gmt":"2021-01-21T21:26:23","slug":"solicitan-garantizar-la-atencion-de-la-guardia-obstetrica-en-sierra-y-saldungaray-comunicado-de-organizaciones-de-la-comunidad","status":"publish","type":"post","link":"https:\/\/observadorserrano.com.ar\/?p=1550","title":{"rendered":"Solicitan garantizar la atenci\u00f3n de la guardia obst\u00e9trica en Sierra y Saldungaray (comunicado de organizaciones de la comunidad)"},"content":{"rendered":"<div class=\"pf-content\"><p style=\"font-weight: 400;\"><strong>\u00a0<\/strong><strong>\u201cGa<\/strong><strong><em>rantizar la atenci\u00f3n de la guardia obst\u00e9trica en la<\/em><\/strong><strong><em>s<\/em><\/strong><strong><em>\u00a0<\/em><\/strong><strong><em>U<\/em><\/strong><strong><em>nidad<\/em><\/strong><strong><em>es\u00a0<\/em><\/strong><strong><em>\u00a0<\/em><\/strong><strong><em>S<\/em><\/strong><strong><em>anitaria<\/em><\/strong><strong><em>s<\/em><\/strong><strong><em>\u00a0<\/em><\/strong><strong><em>de Sierra de la Ventana y Saldungaray\u00a0<\/em><\/strong><strong><em>es\u00a0<\/em><\/strong><strong><em>una obligaci\u00f3n\u00a0<\/em><\/strong><strong><em>del estado<\/em><\/strong><strong><em>\u00a0municipal del distrito de Tornquist\u201d<\/em><\/strong><\/p>\n<p style=\"font-weight: 400;\"><em><br \/>\n<\/em>Las organizaciones abajo firmantes nos sumamos a la preocupaci\u00f3n comunitaria que, a ra\u00edz de la decisi\u00f3n del gobierno municipal, se ha generado por la suspensi\u00f3n de la guardia de obstetricia en las localidades de Sierra de la Ventana y Saldungaray.<br \/>\nEste espacio que ya no se encuentra disponible es un derecho fundamental que garantiza la atenci\u00f3n integral de mujeres y otras identidades con capacidad de gestar y su ausencia pone en riesgo la salud de las personas y la comunidad.<br \/>\nAsimismo, queremos poner de manifiesto la importancia del rol de las\/os profesionales obst\u00e9tricas en la salud sexual y la salud reproductiva, quienes sin lugar a dudas son personal esencial en el sistema de salud, m\u00e1s a\u00fan\u00a0\u00a0en contexto\u00a0COVID-19.<br \/>\nFundamentamos nuestras expresiones en la declaraci\u00f3n conjunta de OMS \/ UNFPA \/ UNICEF \/ ICM \/ ICN \/ FIGO \/ IPA sobre personal de salud capacitado en Salud Materna y Neonatal que son competentes para:\u00a0a) promover y proporcionar a mujeres y reci\u00e9n nacidos de atenci\u00f3n basada en las evidencias, en los derechos humanos, de calidad, socioculturalmente sensible y digna; b)\u00a0facilitar los procesos fisiol\u00f3gicos durante el trabajo de parto y el parto para garantizar una experiencia de parto limpia y positiva; c) identificar y manejar o referir a mujeres y\/o reci\u00e9n nacidos con complicaciones y, adem\u00e1s, realizar todas las funciones de atenci\u00f3n materna y neonatal de emergencia para optimizar la salud y el bienestar de las mujeres y los reci\u00e9n nacidos&#8221; (Ministerio de Salud de la Naci\u00f3n, documento t\u00e9cnico N\u00b04 Marzo 2019).<br \/>\nAcompa\u00f1amos a la comunidad en su demanda que exige contar, tanto en planta como en guardias en las respectivas\u00a0unidades sanitarias, con equipos de m\u00e9dicos y especialistas. La\u00a0poblaci\u00f3n estable de Sierra de la Ventana y Saldungaray ha crecido mucho;\u00a0son localidades donde se concentra el turismo de la comarca a lo que debemos agregar,\u00a0en un distrito caracterizado por las dificultades de transporte,\u00a0\u00a0los inconvenientes que supone \u00a0la atenci\u00f3n\u00a0centralizada en el\u00a0Hospital de Tornquist\u00a0o,\u00a0si se presentan complicaciones m\u00e1s graves,\u00a0\u00a0el traslado a un\u00a0nosocomio de otra ciudad .<br \/>\nSin duda no escapar\u00e1 a la comprensi\u00f3n de las autoridades la responsabilidad que le ata\u00f1e al estado en cuanto a las consecuencias de un recorte a los derechos de la\u00a0mujeres y otras identidades con capacidad de gestar, medida\u00a0que lamentablemente se contrapone a toda intenci\u00f3n de construir una \u00a0\u201cComunidad sin Violencia\u201d.<\/p>\n<p style=\"font-weight: 400;\">Las razones expuestas en el presente comunicado\u00a0nos habilitan para\u00a0solicitar\u00a0al se\u00f1or Intendente\u00a0que\u00a0revea la medida y vuelva atr\u00e1s la decisi\u00f3n tomada con la urgencia que el caso requiere, toda vez que las pol\u00edticas de salud deben solucionar los problemas que afectan a su poblaci\u00f3n, tanto m\u00e1s en un tema como el que nos ocupa que no puede ni debe obviar la perspectiva de g\u00e9nero en su aplicaci\u00f3n.<\/p>\n<p style=\"font-weight: 400;\"><strong>CONSEJO MUNICIPAL DE LAS MUJERES TORNQUIST.<\/strong><br \/>\n<strong>RED DE PROFESIONALES DE LA SALUD POR EL DERECHO A DECIDIR<\/strong><\/p>\n<p style=\"font-weight: 400;\"><strong>RED DE VECINAS\u00a0DE LA COMARCA<\/strong><\/p>\n<\/div>","protected":false},"excerpt":{"rendered":"<p>\u00a0\u201cGarantizar la atenci\u00f3n de la guardia obst\u00e9trica en las\u00a0Unidades\u00a0\u00a0Sanitarias\u00a0de Sierra de la Ventana y Saldungaray\u00a0es\u00a0una obligaci\u00f3n\u00a0del estado\u00a0municipal del distrito de Tornquist\u201d Las organizaciones abajo firmantes nos sumamos a la preocupaci\u00f3n comunitaria que, a ra\u00edz de la decisi\u00f3n del gobierno municipal, se ha generado por la suspensi\u00f3n de la guardia de obstetricia en las localidades de [&hellip;]<\/p>\n","protected":false},"author":2,"featured_media":1551,"comment_status":"open","ping_status":"open","sticky":false,"template":"","format":"standard","meta":[],"categories":[18,43],"tags":[397],"_links":{"self":[{"href":"https:\/\/observadorserrano.com.ar\/index.php?rest_route=\/wp\/v2\/posts\/1550"}],"collection":[{"href":"https:\/\/observadorserrano.com.ar\/index.php?rest_route=\/wp\/v2\/posts"}],"about":[{"href":"https:\/\/observadorserrano.com.ar\/index.php?rest_route=\/wp\/v2\/types\/post"}],"author":[{"embeddable":true,"href":"https:\/\/observadorserrano.com.ar\/index.php?rest_route=\/wp\/v2\/users\/2"}],"replies":[{"embeddable":true,"href":"https:\/\/observadorserrano.com.ar\/index.php?rest_route=%2Fwp%2Fv2%2Fcomments&post=1550"}],"version-history":[{"count":1,"href":"https:\/\/observadorserrano.com.ar\/index.php?rest_route=\/wp\/v2\/posts\/1550\/revisions"}],"predecessor-version":[{"id":1552,"href":"https:\/\/observadorserrano.com.ar\/index.php?rest_route=\/wp\/v2\/posts\/1550\/revisions\/1552"}],"wp:featuredmedia":[{"embeddable":true,"href":"https:\/\/observadorserrano.com.ar\/index.php?rest_route=\/wp\/v2\/media\/1551"}],"wp:attachment":[{"href":"https:\/\/observadorserrano.com.ar\/index.php?rest_route=%2Fwp%2Fv2%2Fmedia&parent=1550"}],"wp:term":[{"taxonomy":"category","embeddable":true,"href":"https:\/\/observadorserrano.com.ar\/index.php?rest_route=%2Fwp%2Fv2%2Fcategories&post=1550"},{"taxonomy":"post_tag","embeddable":true,"href":"https:\/\/observadorserrano.com.ar\/index.php?rest_route=%2Fwp%2Fv2%2Ftags&post=1550"}],"curies":[{"name":"wp","href":"https:\/\/api.w.org\/{rel}","templated":true}]}}