{"id":1742,"date":"2021-02-05T19:03:18","date_gmt":"2021-02-05T22:03:18","guid":{"rendered":"https:\/\/observadorserrano.com.ar\/?p=1742"},"modified":"2021-02-05T19:04:54","modified_gmt":"2021-02-05T22:04:54","slug":"feferico-franco-hemos-armado-un-nuevo-equipo-de-trabajo-para-las-inferiores-del-club-union","status":"publish","type":"post","link":"https:\/\/observadorserrano.com.ar\/?p=1742","title":{"rendered":"Feferico Franco: &#8220;Hemos armado un nuevo equipo de trabajo para las inferiores del Club Uni\u00f3n&#8221;"},"content":{"rendered":"<div class=\"pf-content\"><p>Con un importante proyecto interdisciplinario con objetivos sociales y deportivos, el Club Uni\u00f3n iniciar\u00e1 el lunes 8 de febrero, la pretemporada en las categor\u00edas formativas de la instituci\u00f3n.<\/p>\n<p>Para el inicio de un nuevo a\u00f1o, cargado de incertidumbre con respecto al inicio del f\u00fatbol debido a la pandemia, la entidad verde design\u00f3 como coordinador de las menores a Federico Franco.<\/p>\n<p>La actividad, para los jugadores de 5\u00b0, 6\u00b0, 7\u00b0 y 8\u00b0 divisi\u00f3n, se llevar\u00e1 a cabo todos los lunes, mi\u00e9rcoles y viernes, a partir de las 17.30, en el estadio &#8220;Juan Jos\u00e9 Bolletta&#8221;.<\/p>\n<p>&#8220;Hemos armado un lindo equipo de trabajo, donde establecimos como prioridad -junto al club- enfocarnos en la contenci\u00f3n social del jugador y luego pensar en lo futbol\u00edstico. Hay mucho por hacer y por eso se arm\u00f3 un gran equipo interdisciplinario&#8221;, remarc\u00f3 Franco.<\/p>\n<p>A su vez, Franco adelant\u00f3 que a las inferiores del club se sumaron Gustavo Terrugi (DT. de 5\u00b0 y 6\u00b0 divisi\u00f3n), Luciano Rinaldi (DT. 7\u00b0 y 8\u00b0), Emiliano Ventrucci (preparador f\u00edsico), Sof\u00eda Heiland (nutricionista) y Gabriela Luthi (Servicio Local).<\/p>\n<div class=\"jeg_video_container jeg_video_content\"><iframe loading=\"lazy\" title=\"2021 02 04 NOTA A FEDERICO FRANCO\" width=\"500\" height=\"281\" src=\"https:\/\/www.youtube.com\/embed\/GYa_eq8Fqns?start=511&#038;feature=oembed\" frameborder=\"0\" allow=\"accelerometer; autoplay; clipboard-write; encrypted-media; gyroscope; picture-in-picture\" allowfullscreen><\/iframe><\/div>\n<\/div>","protected":false},"excerpt":{"rendered":"<p>Con un importante proyecto interdisciplinario con objetivos sociales y deportivos, el Club Uni\u00f3n iniciar\u00e1 el lunes 8 de febrero, la pretemporada en las categor\u00edas formativas de la instituci\u00f3n. Para el inicio de un nuevo a\u00f1o, cargado de incertidumbre con respecto al inicio del f\u00fatbol debido a la pandemia, la entidad verde design\u00f3 como coordinador de [&hellip;]<\/p>\n","protected":false},"author":2,"featured_media":1743,"comment_status":"open","ping_status":"open","sticky":false,"template":"","format":"standard","meta":[],"categories":[21],"tags":[449],"_links":{"self":[{"href":"https:\/\/observadorserrano.com.ar\/index.php?rest_route=\/wp\/v2\/posts\/1742"}],"collection":[{"href":"https:\/\/observadorserrano.com.ar\/index.php?rest_route=\/wp\/v2\/posts"}],"about":[{"href":"https:\/\/observadorserrano.com.ar\/index.php?rest_route=\/wp\/v2\/types\/post"}],"author":[{"embeddable":true,"href":"https:\/\/observadorserrano.com.ar\/index.php?rest_route=\/wp\/v2\/users\/2"}],"replies":[{"embeddable":true,"href":"https:\/\/observadorserrano.com.ar\/index.php?rest_route=%2Fwp%2Fv2%2Fcomments&post=1742"}],"version-history":[{"count":1,"href":"https:\/\/observadorserrano.com.ar\/index.php?rest_route=\/wp\/v2\/posts\/1742\/revisions"}],"predecessor-version":[{"id":1744,"href":"https:\/\/observadorserrano.com.ar\/index.php?rest_route=\/wp\/v2\/posts\/1742\/revisions\/1744"}],"wp:featuredmedia":[{"embeddable":true,"href":"https:\/\/observadorserrano.com.ar\/index.php?rest_route=\/wp\/v2\/media\/1743"}],"wp:attachment":[{"href":"https:\/\/observadorserrano.com.ar\/index.php?rest_route=%2Fwp%2Fv2%2Fmedia&parent=1742"}],"wp:term":[{"taxonomy":"category","embeddable":true,"href":"https:\/\/observadorserrano.com.ar\/index.php?rest_route=%2Fwp%2Fv2%2Fcategories&post=1742"},{"taxonomy":"post_tag","embeddable":true,"href":"https:\/\/observadorserrano.com.ar\/index.php?rest_route=%2Fwp%2Fv2%2Ftags&post=1742"}],"curies":[{"name":"wp","href":"https:\/\/api.w.org\/{rel}","templated":true}]}}