{"id":1770,"date":"2021-02-08T10:57:44","date_gmt":"2021-02-08T13:57:44","guid":{"rendered":"https:\/\/observadorserrano.com.ar\/?p=1770"},"modified":"2021-02-08T10:57:58","modified_gmt":"2021-02-08T13:57:58","slug":"dr-gustavo-salum-cuando-hablamos-de-cancer-lo-importante-es-trabajar-en-prevencion-y-llevar-una-vida-saludable","status":"publish","type":"post","link":"https:\/\/observadorserrano.com.ar\/?p=1770","title":{"rendered":"Dr. Gustavo Salum: &#8220;Cuando hablamos de c\u00e1ncer, lo importante es trabajar en prevenci\u00f3n y llevar una vida saludable&#8221;"},"content":{"rendered":"<div class=\"pf-content\"><p>El 4 de febrero se celebra el\u00a0D\u00eda Mundial contra el C\u00e1ncer, promovido por La\u00a0Organizaci\u00f3n Mundial de la Salud, el\u00a0Centro Internacional de Investigaciones sobre el C\u00e1ncer (<em>CIIC<\/em>)\u00a0y la\u00a0Uni\u00f3n Internacional contra el C\u00e1ncer (<em>UICC<\/em>)\u00a0con el objetivo de aumentar la concienciaci\u00f3n y movilizar a la sociedad para\u00a0avanzar\u00a0en la prevenci\u00f3n y control de esta enfermedad.<\/p>\n<p>Desde el Hospital Municipal &#8220;Dr. Alberto Castro&#8221;, hace varios a\u00f1os que se encuentra trabajando y atendiendo a varios pacientes de distrito y la regi\u00f3n el doctor Gustavo Salum (Onc\u00f3logo).<\/p>\n<p>&#8220;El Hospital cuenta con el servicio necesario para que muchos pacientes oncol\u00f2gicos reciban sus tratamientos en \u00e9sta ciudad. Con el paso de los a\u00f1os, se han sumado varios pacientes que antes viajaban a la zona pero que ahora optaron por seguir haci\u00e9ndolo desde Tornquist&#8221;, manifest\u00f3 Salum.<\/p>\n<p>&#8220;La mayor cantidad de pacientes tratados en el hospital son personas mayores de 60 a\u00f1os. El promedio de casos se mantiene y siempre tratamos de trabajar en prevenci\u00f3n invitando a la gente a que lleve una vida saludable en cuanto a la alimentaci\u00f3n y la actividad f\u00edsica. A eso, hay que sumarle los chequeos de rutina tanto al hombre como a la mujer&#8221;, agreg\u00f3.<\/p>\n<p>Por su parte. el doctor Diego Herrera, Director de Salud del Hospital Municipal, indic\u00f3 que &#8220;cuando vemos a nuestros pacientes siempre buscamos asesorarlos y estimularlos para mejorar su calidad de vida y, por supuesto, para que se hagan los controles correspondientes.<\/p>\n<div class=\"jeg_video_container jeg_video_content\"><iframe loading=\"lazy\" title=\"2021 02 05 ATENCION SALUD   DIA INTERNACIONAL DE LA LUCHA CONTRA EL CANCER\" width=\"500\" height=\"281\" src=\"https:\/\/www.youtube.com\/embed\/RGSwoQEOiWs?feature=oembed\" frameborder=\"0\" allow=\"accelerometer; autoplay; clipboard-write; encrypted-media; gyroscope; picture-in-picture\" allowfullscreen><\/iframe><\/div>\n<\/div>","protected":false},"excerpt":{"rendered":"<p>El 4 de febrero se celebra el\u00a0D\u00eda Mundial contra el C\u00e1ncer, promovido por La\u00a0Organizaci\u00f3n Mundial de la Salud, el\u00a0Centro Internacional de Investigaciones sobre el C\u00e1ncer (CIIC)\u00a0y la\u00a0Uni\u00f3n Internacional contra el C\u00e1ncer (UICC)\u00a0con el objetivo de aumentar la concienciaci\u00f3n y movilizar a la sociedad para\u00a0avanzar\u00a0en la prevenci\u00f3n y control de esta enfermedad. Desde el Hospital Municipal [&hellip;]<\/p>\n","protected":false},"author":2,"featured_media":1771,"comment_status":"open","ping_status":"open","sticky":false,"template":"","format":"standard","meta":[],"categories":[18,43,45],"tags":[460,459],"_links":{"self":[{"href":"https:\/\/observadorserrano.com.ar\/index.php?rest_route=\/wp\/v2\/posts\/1770"}],"collection":[{"href":"https:\/\/observadorserrano.com.ar\/index.php?rest_route=\/wp\/v2\/posts"}],"about":[{"href":"https:\/\/observadorserrano.com.ar\/index.php?rest_route=\/wp\/v2\/types\/post"}],"author":[{"embeddable":true,"href":"https:\/\/observadorserrano.com.ar\/index.php?rest_route=\/wp\/v2\/users\/2"}],"replies":[{"embeddable":true,"href":"https:\/\/observadorserrano.com.ar\/index.php?rest_route=%2Fwp%2Fv2%2Fcomments&post=1770"}],"version-history":[{"count":1,"href":"https:\/\/observadorserrano.com.ar\/index.php?rest_route=\/wp\/v2\/posts\/1770\/revisions"}],"predecessor-version":[{"id":1772,"href":"https:\/\/observadorserrano.com.ar\/index.php?rest_route=\/wp\/v2\/posts\/1770\/revisions\/1772"}],"wp:featuredmedia":[{"embeddable":true,"href":"https:\/\/observadorserrano.com.ar\/index.php?rest_route=\/wp\/v2\/media\/1771"}],"wp:attachment":[{"href":"https:\/\/observadorserrano.com.ar\/index.php?rest_route=%2Fwp%2Fv2%2Fmedia&parent=1770"}],"wp:term":[{"taxonomy":"category","embeddable":true,"href":"https:\/\/observadorserrano.com.ar\/index.php?rest_route=%2Fwp%2Fv2%2Fcategories&post=1770"},{"taxonomy":"post_tag","embeddable":true,"href":"https:\/\/observadorserrano.com.ar\/index.php?rest_route=%2Fwp%2Fv2%2Ftags&post=1770"}],"curies":[{"name":"wp","href":"https:\/\/api.w.org\/{rel}","templated":true}]}}