{"id":1857,"date":"2021-02-13T19:07:41","date_gmt":"2021-02-13T22:07:41","guid":{"rendered":"https:\/\/observadorserrano.com.ar\/?p=1857"},"modified":"2021-02-13T19:07:41","modified_gmt":"2021-02-13T22:07:41","slug":"feria-distrital-saldungaray-el-intendente-sergio-bordoni-nos-pidio-que-recorramos-las-localidades","status":"publish","type":"post","link":"https:\/\/observadorserrano.com.ar\/?p=1857","title":{"rendered":"Feria Distrital Saldungaray: \u201cEl Intendente Sergio Bordoni nos pidi\u00f3 que recorramos las localidades\u201d"},"content":{"rendered":"<div class=\"pf-content\"><p>Como en otras localidades de nuestra comarca, este s\u00e1bado a trav\u00e9s de la Secretar\u00eda de Producci\u00f3n, Comercio e Industria, cartera a cargo de Susana Dos Santos, la feria municipal distrital se traslad\u00f3 al Club Porte\u00f1o en Saldungaray.<\/p>\n<p>Con la presencia de productores del distrito que muestran sus artesan\u00edas y el stand tradicional de hortalizas y verduras que llega desde el oeste.<\/p>\n<p>Tambi\u00e9n para que los vecinos se puedan inscribir se instal\u00f3 el stand de VACUNATE(Covid 19).<\/p>\n<p><strong>V\u00edctor Ant\u00f3n, director de Producci\u00f3n\u00a0<\/strong>destac\u00f3 la feria itinerante y la decisi\u00f3n pol\u00edtica del Intendente con presencia en todas las localidades.<\/p>\n<p>\u201cComo todas las semanas desde diciembre venimos desarrollando \u00a0la feria y estamos contentos con buena afluencia de p\u00fablico hay mas de 10 expositores , contamos con el stand de vacunate para los que se quieran inscribir. Linda jornada en Saldungaray\u201d<\/p>\n<p>\u201cEl Intendente Sergio Bordoni nos pidi\u00f3 que recorramos las localidades y que se conozcan a los productores locales y que tengan la oportunidad sabiendo este duro trance que nos toc\u00f3 con la pandemia que puedan mostrar sus productos\u201d agreg\u00f3.<\/p>\n<p>Sobre las futuras presencias en localidades remarc\u00f3, \u201cEl pr\u00f3ximo s\u00e1bado estar\u00edamos nuevamente en Tornquist y luego arrancar\u00edamos con otras localidades como lo hicimos en Sierra de la Ventana, Villa Ventana y estamos evaluando la posibilidad de ir al oeste y posiblemente hagamos una feria en Chasic\u00f3 que si bien lo conoce y tienen muy cerca esa producci\u00f3n quizas no est\u00e9n familiarizados con el resto de las producciones y artesan\u00edas que se hacen en el distrito\u201d<\/p>\n<p><strong>Sobre la visita del ministro de desarrollo agrario<\/strong><\/p>\n<p>\u201cEs siempre importante la visita de un funcionario provincial. El Intendente le plante\u00f3 las necesidades del distrito y cuando se acercan a la regi\u00f3n y palpan las necesidades del distrito mano a mano y lo pueden hablar con la gente como hicieron en la bodega de Saldungaray y los proyectos que tenemos es importante la presencia de ellos. Conociendo la realidad y m\u00e1s en esta \u00e9poca donde los tr\u00e1mites se hacen burocr\u00e1ticos \u00a0y acercarse a nosotros porque es importante para el distrito\u201d destac\u00f3.<\/p>\n<p>Ant\u00f3n agradeci\u00f3 tambi\u00e9n al Club Porte\u00f1o por ceder sus instalaciones para este evento.<\/p>\n<p>Fuente: Noticias Tornquist<\/p>\n<p>&nbsp;<\/p>\n<\/div>","protected":false},"excerpt":{"rendered":"<p>Como en otras localidades de nuestra comarca, este s\u00e1bado a trav\u00e9s de la Secretar\u00eda de Producci\u00f3n, Comercio e Industria, cartera a cargo de Susana Dos Santos, la feria municipal distrital se traslad\u00f3 al Club Porte\u00f1o en Saldungaray. Con la presencia de productores del distrito que muestran sus artesan\u00edas y el stand tradicional de hortalizas y [&hellip;]<\/p>\n","protected":false},"author":2,"featured_media":1863,"comment_status":"open","ping_status":"open","sticky":false,"template":"","format":"standard","meta":[],"categories":[45,8],"tags":[484],"_links":{"self":[{"href":"https:\/\/observadorserrano.com.ar\/index.php?rest_route=\/wp\/v2\/posts\/1857"}],"collection":[{"href":"https:\/\/observadorserrano.com.ar\/index.php?rest_route=\/wp\/v2\/posts"}],"about":[{"href":"https:\/\/observadorserrano.com.ar\/index.php?rest_route=\/wp\/v2\/types\/post"}],"author":[{"embeddable":true,"href":"https:\/\/observadorserrano.com.ar\/index.php?rest_route=\/wp\/v2\/users\/2"}],"replies":[{"embeddable":true,"href":"https:\/\/observadorserrano.com.ar\/index.php?rest_route=%2Fwp%2Fv2%2Fcomments&post=1857"}],"version-history":[{"count":1,"href":"https:\/\/observadorserrano.com.ar\/index.php?rest_route=\/wp\/v2\/posts\/1857\/revisions"}],"predecessor-version":[{"id":1864,"href":"https:\/\/observadorserrano.com.ar\/index.php?rest_route=\/wp\/v2\/posts\/1857\/revisions\/1864"}],"wp:featuredmedia":[{"embeddable":true,"href":"https:\/\/observadorserrano.com.ar\/index.php?rest_route=\/wp\/v2\/media\/1863"}],"wp:attachment":[{"href":"https:\/\/observadorserrano.com.ar\/index.php?rest_route=%2Fwp%2Fv2%2Fmedia&parent=1857"}],"wp:term":[{"taxonomy":"category","embeddable":true,"href":"https:\/\/observadorserrano.com.ar\/index.php?rest_route=%2Fwp%2Fv2%2Fcategories&post=1857"},{"taxonomy":"post_tag","embeddable":true,"href":"https:\/\/observadorserrano.com.ar\/index.php?rest_route=%2Fwp%2Fv2%2Ftags&post=1857"}],"curies":[{"name":"wp","href":"https:\/\/api.w.org\/{rel}","templated":true}]}}