{"id":1922,"date":"2021-02-18T21:01:26","date_gmt":"2021-02-19T00:01:26","guid":{"rendered":"https:\/\/observadorserrano.com.ar\/?p=1922"},"modified":"2021-02-18T21:01:26","modified_gmt":"2021-02-19T00:01:26","slug":"inicio-en-tornquist-la-vacunacion-de-la-poblacion-contra-el-covid-19-fotos-y-videoentrevista","status":"publish","type":"post","link":"https:\/\/observadorserrano.com.ar\/?p=1922","title":{"rendered":"Inici\u00f3 en Tornquist la vacunaci\u00f3n de la poblaci\u00f3n contra el Covid-19 (fotos y videoentrevista)"},"content":{"rendered":"<div class=\"pf-content\">\r\n\r\nEste jueves en la Escuela Primaria N\u00b0 1 \u2018Domingo Faustino Sarmiento\u2019 de Tornquist, comenz\u00f3 la vacunaci\u00f3n de la poblaci\u00f3n contra el Covid-19, en el marco del Plan provincial p\u00fablico, gratuito y optativo \u2018Buenos Aires Vacunate\u2019.\r\n\r\n \r\n\r\nPara presenciar y acompa\u00f1ar el inicio de la primera jornada de la campa\u00f1a masiva, estuvieron presentes el intendente Sergio Bordoni y el Secretario de Gobierno y Seguridad, Ezequiel Gabella.\r\n\r\n \r\n\r\nEn esta etapa, reciben el primer componente de la dosis Sputnik V personal de educaci\u00f3n que no fue vacunado anteriormente, docentes y auxiliares, mayores de 70 a\u00f1os y menores de esa edad con patolog\u00edas preexistentes.\r\n\r\n \r\n\r\nAquellos que a\u00fan no se hayan inscripto y desean recibir la vacuna, pueden hacerlo mediante el sitio web <a href=\"https:\/\/vacunatepba.gba.gob.ar\/\">https:\/\/vacunatepba.gba.gob.ar\/<\/a>. Tambi\u00e9n, se pueden registrar personalmente en IOMA de Sierra de la Ventana (Roca 185) de lunes a viernes de 8 a 13 hs, y en la Unidad Sanitaria de Villa Ventana, los mi\u00e9rcoles y jueves de 8 a 10 hs.\r\n\r\n \r\n\r\nEn Tornquist, la inscripci\u00f3n presencial se encuentra suspendida hasta nuevo aviso; y en los pr\u00f3ximos d\u00edas se habilitar\u00e1 un puesto de registro en Saldungaray.\r\n\r\n<div class=\"jeg_video_container jeg_video_content\"><iframe loading=\"lazy\" title=\"2021 02 18 CAMPA\u00d1A DE VACUNACION MASIVA   SERGIO BORDONI\" width=\"500\" height=\"281\" src=\"https:\/\/www.youtube.com\/embed\/iICT2hBN8tI?feature=oembed\" frameborder=\"0\" allow=\"accelerometer; autoplay; clipboard-write; encrypted-media; gyroscope; picture-in-picture\" allowfullscreen><\/iframe><\/div>\r\n\r\n<img loading=\"lazy\" class=\"alignnone size-medium wp-image-1923\" src=\"https:\/\/observadorserrano.com.ar\/wp-content\/uploads\/2021\/02\/Vacunacion-poblacion-1-Medium-300x200.jpg\" alt=\"\" width=\"300\" height=\"200\" srcset=\"https:\/\/observadorserrano.com.ar\/wp-content\/uploads\/2021\/02\/Vacunacion-poblacion-1-Medium-300x200.jpg 300w, https:\/\/observadorserrano.com.ar\/wp-content\/uploads\/2021\/02\/Vacunacion-poblacion-1-Medium-1024x683.jpg 1024w, https:\/\/observadorserrano.com.ar\/wp-content\/uploads\/2021\/02\/Vacunacion-poblacion-1-Medium-768x512.jpg 768w, https:\/\/observadorserrano.com.ar\/wp-content\/uploads\/2021\/02\/Vacunacion-poblacion-1-Medium-450x300.jpg 450w, https:\/\/observadorserrano.com.ar\/wp-content\/uploads\/2021\/02\/Vacunacion-poblacion-1-Medium-750x500.jpg 750w, https:\/\/observadorserrano.com.ar\/wp-content\/uploads\/2021\/02\/Vacunacion-poblacion-1-Medium-1140x761.jpg 1140w, https:\/\/observadorserrano.com.ar\/wp-content\/uploads\/2021\/02\/Vacunacion-poblacion-1-Medium.jpg 1151w\" sizes=\"(max-width: 300px) 100vw, 300px\" \/> <img loading=\"lazy\" class=\"alignnone size-medium wp-image-1924\" src=\"https:\/\/observadorserrano.com.ar\/wp-content\/uploads\/2021\/02\/Vacunacion-poblacion-2-Medium-300x200.jpg\" alt=\"\" width=\"300\" height=\"200\" srcset=\"https:\/\/observadorserrano.com.ar\/wp-content\/uploads\/2021\/02\/Vacunacion-poblacion-2-Medium-300x200.jpg 300w, https:\/\/observadorserrano.com.ar\/wp-content\/uploads\/2021\/02\/Vacunacion-poblacion-2-Medium-1024x683.jpg 1024w, https:\/\/observadorserrano.com.ar\/wp-content\/uploads\/2021\/02\/Vacunacion-poblacion-2-Medium-768x512.jpg 768w, https:\/\/observadorserrano.com.ar\/wp-content\/uploads\/2021\/02\/Vacunacion-poblacion-2-Medium-450x300.jpg 450w, https:\/\/observadorserrano.com.ar\/wp-content\/uploads\/2021\/02\/Vacunacion-poblacion-2-Medium-750x500.jpg 750w, https:\/\/observadorserrano.com.ar\/wp-content\/uploads\/2021\/02\/Vacunacion-poblacion-2-Medium-1140x761.jpg 1140w, https:\/\/observadorserrano.com.ar\/wp-content\/uploads\/2021\/02\/Vacunacion-poblacion-2-Medium.jpg 1151w\" sizes=\"(max-width: 300px) 100vw, 300px\" \/> <img loading=\"lazy\" class=\"alignnone size-medium wp-image-1925\" src=\"https:\/\/observadorserrano.com.ar\/wp-content\/uploads\/2021\/02\/Vacunacion-poblacion-3-Medium-300x186.jpg\" alt=\"\" width=\"300\" height=\"186\" srcset=\"https:\/\/observadorserrano.com.ar\/wp-content\/uploads\/2021\/02\/Vacunacion-poblacion-3-Medium-300x186.jpg 300w, https:\/\/observadorserrano.com.ar\/wp-content\/uploads\/2021\/02\/Vacunacion-poblacion-3-Medium-1024x636.jpg 1024w, https:\/\/observadorserrano.com.ar\/wp-content\/uploads\/2021\/02\/Vacunacion-poblacion-3-Medium-768x477.jpg 768w, https:\/\/observadorserrano.com.ar\/wp-content\/uploads\/2021\/02\/Vacunacion-poblacion-3-Medium-483x300.jpg 483w, https:\/\/observadorserrano.com.ar\/wp-content\/uploads\/2021\/02\/Vacunacion-poblacion-3-Medium-750x466.jpg 750w, https:\/\/observadorserrano.com.ar\/wp-content\/uploads\/2021\/02\/Vacunacion-poblacion-3-Medium-1140x708.jpg 1140w, https:\/\/observadorserrano.com.ar\/wp-content\/uploads\/2021\/02\/Vacunacion-poblacion-3-Medium.jpg 1236w\" sizes=\"(max-width: 300px) 100vw, 300px\" \/> <img loading=\"lazy\" class=\"alignnone size-medium wp-image-1926\" src=\"https:\/\/observadorserrano.com.ar\/wp-content\/uploads\/2021\/02\/Vacunacion-poblacion-4-Medium-300x214.jpg\" alt=\"\" width=\"300\" height=\"214\" srcset=\"https:\/\/observadorserrano.com.ar\/wp-content\/uploads\/2021\/02\/Vacunacion-poblacion-4-Medium-300x214.jpg 300w, https:\/\/observadorserrano.com.ar\/wp-content\/uploads\/2021\/02\/Vacunacion-poblacion-4-Medium-1024x732.jpg 1024w, https:\/\/observadorserrano.com.ar\/wp-content\/uploads\/2021\/02\/Vacunacion-poblacion-4-Medium-768x549.jpg 768w, https:\/\/observadorserrano.com.ar\/wp-content\/uploads\/2021\/02\/Vacunacion-poblacion-4-Medium-420x300.jpg 420w, https:\/\/observadorserrano.com.ar\/wp-content\/uploads\/2021\/02\/Vacunacion-poblacion-4-Medium-120x86.jpg 120w, https:\/\/observadorserrano.com.ar\/wp-content\/uploads\/2021\/02\/Vacunacion-poblacion-4-Medium-350x250.jpg 350w, https:\/\/observadorserrano.com.ar\/wp-content\/uploads\/2021\/02\/Vacunacion-poblacion-4-Medium-750x536.jpg 750w, https:\/\/observadorserrano.com.ar\/wp-content\/uploads\/2021\/02\/Vacunacion-poblacion-4-Medium.jpg 1075w\" sizes=\"(max-width: 300px) 100vw, 300px\" \/> <img loading=\"lazy\" class=\"alignnone size-medium wp-image-1927\" src=\"https:\/\/observadorserrano.com.ar\/wp-content\/uploads\/2021\/02\/Vacunacion-poblacion-5-Medium-300x200.jpg\" alt=\"\" width=\"300\" height=\"200\" srcset=\"https:\/\/observadorserrano.com.ar\/wp-content\/uploads\/2021\/02\/Vacunacion-poblacion-5-Medium-300x200.jpg 300w, https:\/\/observadorserrano.com.ar\/wp-content\/uploads\/2021\/02\/Vacunacion-poblacion-5-Medium-1024x683.jpg 1024w, https:\/\/observadorserrano.com.ar\/wp-content\/uploads\/2021\/02\/Vacunacion-poblacion-5-Medium-768x512.jpg 768w, https:\/\/observadorserrano.com.ar\/wp-content\/uploads\/2021\/02\/Vacunacion-poblacion-5-Medium-450x300.jpg 450w, https:\/\/observadorserrano.com.ar\/wp-content\/uploads\/2021\/02\/Vacunacion-poblacion-5-Medium-750x500.jpg 750w, https:\/\/observadorserrano.com.ar\/wp-content\/uploads\/2021\/02\/Vacunacion-poblacion-5-Medium-1140x761.jpg 1140w, https:\/\/observadorserrano.com.ar\/wp-content\/uploads\/2021\/02\/Vacunacion-poblacion-5-Medium.jpg 1151w\" sizes=\"(max-width: 300px) 100vw, 300px\" \/> <img loading=\"lazy\" class=\"alignnone size-medium wp-image-1928\" src=\"https:\/\/observadorserrano.com.ar\/wp-content\/uploads\/2021\/02\/Vacunacion-poblacion-6-Medium-300x200.jpg\" alt=\"\" width=\"300\" height=\"200\" srcset=\"https:\/\/observadorserrano.com.ar\/wp-content\/uploads\/2021\/02\/Vacunacion-poblacion-6-Medium-300x200.jpg 300w, https:\/\/observadorserrano.com.ar\/wp-content\/uploads\/2021\/02\/Vacunacion-poblacion-6-Medium-1024x683.jpg 1024w, https:\/\/observadorserrano.com.ar\/wp-content\/uploads\/2021\/02\/Vacunacion-poblacion-6-Medium-768x512.jpg 768w, https:\/\/observadorserrano.com.ar\/wp-content\/uploads\/2021\/02\/Vacunacion-poblacion-6-Medium-450x300.jpg 450w, https:\/\/observadorserrano.com.ar\/wp-content\/uploads\/2021\/02\/Vacunacion-poblacion-6-Medium-750x500.jpg 750w, https:\/\/observadorserrano.com.ar\/wp-content\/uploads\/2021\/02\/Vacunacion-poblacion-6-Medium-1140x761.jpg 1140w, https:\/\/observadorserrano.com.ar\/wp-content\/uploads\/2021\/02\/Vacunacion-poblacion-6-Medium.jpg 1151w\" sizes=\"(max-width: 300px) 100vw, 300px\" \/> <img loading=\"lazy\" class=\"alignnone size-medium wp-image-1929\" src=\"https:\/\/observadorserrano.com.ar\/wp-content\/uploads\/2021\/02\/Vacunacion-poblacion-7-Medium-300x200.jpg\" alt=\"\" width=\"300\" height=\"200\" srcset=\"https:\/\/observadorserrano.com.ar\/wp-content\/uploads\/2021\/02\/Vacunacion-poblacion-7-Medium-300x200.jpg 300w, https:\/\/observadorserrano.com.ar\/wp-content\/uploads\/2021\/02\/Vacunacion-poblacion-7-Medium-1024x683.jpg 1024w, https:\/\/observadorserrano.com.ar\/wp-content\/uploads\/2021\/02\/Vacunacion-poblacion-7-Medium-768x512.jpg 768w, https:\/\/observadorserrano.com.ar\/wp-content\/uploads\/2021\/02\/Vacunacion-poblacion-7-Medium-450x300.jpg 450w, https:\/\/observadorserrano.com.ar\/wp-content\/uploads\/2021\/02\/Vacunacion-poblacion-7-Medium-750x500.jpg 750w, https:\/\/observadorserrano.com.ar\/wp-content\/uploads\/2021\/02\/Vacunacion-poblacion-7-Medium-1140x761.jpg 1140w, https:\/\/observadorserrano.com.ar\/wp-content\/uploads\/2021\/02\/Vacunacion-poblacion-7-Medium.jpg 1151w\" sizes=\"(max-width: 300px) 100vw, 300px\" \/> <img loading=\"lazy\" class=\"alignnone size-medium wp-image-1930\" src=\"https:\/\/observadorserrano.com.ar\/wp-content\/uploads\/2021\/02\/Vacunacion-poblacion-8-Medium-300x214.jpg\" alt=\"\" width=\"300\" height=\"214\" srcset=\"https:\/\/observadorserrano.com.ar\/wp-content\/uploads\/2021\/02\/Vacunacion-poblacion-8-Medium-300x214.jpg 300w, https:\/\/observadorserrano.com.ar\/wp-content\/uploads\/2021\/02\/Vacunacion-poblacion-8-Medium-1024x730.jpg 1024w, https:\/\/observadorserrano.com.ar\/wp-content\/uploads\/2021\/02\/Vacunacion-poblacion-8-Medium-768x548.jpg 768w, https:\/\/observadorserrano.com.ar\/wp-content\/uploads\/2021\/02\/Vacunacion-poblacion-8-Medium-421x300.jpg 421w, https:\/\/observadorserrano.com.ar\/wp-content\/uploads\/2021\/02\/Vacunacion-poblacion-8-Medium-120x86.jpg 120w, https:\/\/observadorserrano.com.ar\/wp-content\/uploads\/2021\/02\/Vacunacion-poblacion-8-Medium-350x250.jpg 350w, https:\/\/observadorserrano.com.ar\/wp-content\/uploads\/2021\/02\/Vacunacion-poblacion-8-Medium-750x535.jpg 750w, https:\/\/observadorserrano.com.ar\/wp-content\/uploads\/2021\/02\/Vacunacion-poblacion-8-Medium.jpg 1077w\" sizes=\"(max-width: 300px) 100vw, 300px\" \/> <img loading=\"lazy\" class=\"alignnone size-medium wp-image-1931\" src=\"https:\/\/observadorserrano.com.ar\/wp-content\/uploads\/2021\/02\/Vacunacion-poblacion-9-Medium-300x200.jpg\" alt=\"\" width=\"300\" height=\"200\" srcset=\"https:\/\/observadorserrano.com.ar\/wp-content\/uploads\/2021\/02\/Vacunacion-poblacion-9-Medium-300x200.jpg 300w, https:\/\/observadorserrano.com.ar\/wp-content\/uploads\/2021\/02\/Vacunacion-poblacion-9-Medium-1024x683.jpg 1024w, https:\/\/observadorserrano.com.ar\/wp-content\/uploads\/2021\/02\/Vacunacion-poblacion-9-Medium-768x512.jpg 768w, https:\/\/observadorserrano.com.ar\/wp-content\/uploads\/2021\/02\/Vacunacion-poblacion-9-Medium-450x300.jpg 450w, https:\/\/observadorserrano.com.ar\/wp-content\/uploads\/2021\/02\/Vacunacion-poblacion-9-Medium-750x500.jpg 750w, https:\/\/observadorserrano.com.ar\/wp-content\/uploads\/2021\/02\/Vacunacion-poblacion-9-Medium-1140x761.jpg 1140w, https:\/\/observadorserrano.com.ar\/wp-content\/uploads\/2021\/02\/Vacunacion-poblacion-9-Medium.jpg 1151w\" sizes=\"(max-width: 300px) 100vw, 300px\" \/> <img loading=\"lazy\" class=\"alignnone size-medium wp-image-1932\" src=\"https:\/\/observadorserrano.com.ar\/wp-content\/uploads\/2021\/02\/Vacunacion-poblacion-10-Medium-300x200.jpg\" alt=\"\" width=\"300\" height=\"200\" srcset=\"https:\/\/observadorserrano.com.ar\/wp-content\/uploads\/2021\/02\/Vacunacion-poblacion-10-Medium-300x200.jpg 300w, https:\/\/observadorserrano.com.ar\/wp-content\/uploads\/2021\/02\/Vacunacion-poblacion-10-Medium-1024x683.jpg 1024w, https:\/\/observadorserrano.com.ar\/wp-content\/uploads\/2021\/02\/Vacunacion-poblacion-10-Medium-768x512.jpg 768w, https:\/\/observadorserrano.com.ar\/wp-content\/uploads\/2021\/02\/Vacunacion-poblacion-10-Medium-450x300.jpg 450w, https:\/\/observadorserrano.com.ar\/wp-content\/uploads\/2021\/02\/Vacunacion-poblacion-10-Medium-750x500.jpg 750w, https:\/\/observadorserrano.com.ar\/wp-content\/uploads\/2021\/02\/Vacunacion-poblacion-10-Medium-1140x761.jpg 1140w, https:\/\/observadorserrano.com.ar\/wp-content\/uploads\/2021\/02\/Vacunacion-poblacion-10-Medium.jpg 1151w\" sizes=\"(max-width: 300px) 100vw, 300px\" \/> <img loading=\"lazy\" class=\"alignnone size-medium wp-image-1933\" src=\"https:\/\/observadorserrano.com.ar\/wp-content\/uploads\/2021\/02\/Vacunacion-poblacion-11-Medium-300x210.jpg\" alt=\"\" width=\"300\" height=\"210\" srcset=\"https:\/\/observadorserrano.com.ar\/wp-content\/uploads\/2021\/02\/Vacunacion-poblacion-11-Medium-300x210.jpg 300w, https:\/\/observadorserrano.com.ar\/wp-content\/uploads\/2021\/02\/Vacunacion-poblacion-11-Medium-1024x718.jpg 1024w, https:\/\/observadorserrano.com.ar\/wp-content\/uploads\/2021\/02\/Vacunacion-poblacion-11-Medium-768x538.jpg 768w, https:\/\/observadorserrano.com.ar\/wp-content\/uploads\/2021\/02\/Vacunacion-poblacion-11-Medium-428x300.jpg 428w, https:\/\/observadorserrano.com.ar\/wp-content\/uploads\/2021\/02\/Vacunacion-poblacion-11-Medium-150x105.jpg 150w, https:\/\/observadorserrano.com.ar\/wp-content\/uploads\/2021\/02\/Vacunacion-poblacion-11-Medium-750x526.jpg 750w, https:\/\/observadorserrano.com.ar\/wp-content\/uploads\/2021\/02\/Vacunacion-poblacion-11-Medium.jpg 1096w\" sizes=\"(max-width: 300px) 100vw, 300px\" \/> <img loading=\"lazy\" class=\"alignnone size-medium wp-image-1934\" src=\"https:\/\/observadorserrano.com.ar\/wp-content\/uploads\/2021\/02\/Vacunacion-poblacion-12-Medium-300x200.jpg\" alt=\"\" width=\"300\" height=\"200\" srcset=\"https:\/\/observadorserrano.com.ar\/wp-content\/uploads\/2021\/02\/Vacunacion-poblacion-12-Medium-300x200.jpg 300w, https:\/\/observadorserrano.com.ar\/wp-content\/uploads\/2021\/02\/Vacunacion-poblacion-12-Medium-1024x683.jpg 1024w, https:\/\/observadorserrano.com.ar\/wp-content\/uploads\/2021\/02\/Vacunacion-poblacion-12-Medium-768x512.jpg 768w, https:\/\/observadorserrano.com.ar\/wp-content\/uploads\/2021\/02\/Vacunacion-poblacion-12-Medium-450x300.jpg 450w, https:\/\/observadorserrano.com.ar\/wp-content\/uploads\/2021\/02\/Vacunacion-poblacion-12-Medium-750x500.jpg 750w, https:\/\/observadorserrano.com.ar\/wp-content\/uploads\/2021\/02\/Vacunacion-poblacion-12-Medium-1140x761.jpg 1140w, https:\/\/observadorserrano.com.ar\/wp-content\/uploads\/2021\/02\/Vacunacion-poblacion-12-Medium.jpg 1151w\" sizes=\"(max-width: 300px) 100vw, 300px\" \/> <img loading=\"lazy\" class=\"alignnone size-medium wp-image-1935\" src=\"https:\/\/observadorserrano.com.ar\/wp-content\/uploads\/2021\/02\/Vacunacion-poblacion-13-Medium-300x200.jpg\" alt=\"\" width=\"300\" height=\"200\" srcset=\"https:\/\/observadorserrano.com.ar\/wp-content\/uploads\/2021\/02\/Vacunacion-poblacion-13-Medium-300x200.jpg 300w, https:\/\/observadorserrano.com.ar\/wp-content\/uploads\/2021\/02\/Vacunacion-poblacion-13-Medium-1024x683.jpg 1024w, https:\/\/observadorserrano.com.ar\/wp-content\/uploads\/2021\/02\/Vacunacion-poblacion-13-Medium-768x512.jpg 768w, https:\/\/observadorserrano.com.ar\/wp-content\/uploads\/2021\/02\/Vacunacion-poblacion-13-Medium-450x300.jpg 450w, https:\/\/observadorserrano.com.ar\/wp-content\/uploads\/2021\/02\/Vacunacion-poblacion-13-Medium-750x500.jpg 750w, https:\/\/observadorserrano.com.ar\/wp-content\/uploads\/2021\/02\/Vacunacion-poblacion-13-Medium-1140x761.jpg 1140w, https:\/\/observadorserrano.com.ar\/wp-content\/uploads\/2021\/02\/Vacunacion-poblacion-13-Medium.jpg 1151w\" sizes=\"(max-width: 300px) 100vw, 300px\" \/> <img loading=\"lazy\" class=\"alignnone size-medium wp-image-1936\" src=\"https:\/\/observadorserrano.com.ar\/wp-content\/uploads\/2021\/02\/Vacunacion-poblacion-14-Medium-300x200.jpg\" alt=\"\" width=\"300\" height=\"200\" srcset=\"https:\/\/observadorserrano.com.ar\/wp-content\/uploads\/2021\/02\/Vacunacion-poblacion-14-Medium-300x200.jpg 300w, https:\/\/observadorserrano.com.ar\/wp-content\/uploads\/2021\/02\/Vacunacion-poblacion-14-Medium-1024x683.jpg 1024w, https:\/\/observadorserrano.com.ar\/wp-content\/uploads\/2021\/02\/Vacunacion-poblacion-14-Medium-768x512.jpg 768w, https:\/\/observadorserrano.com.ar\/wp-content\/uploads\/2021\/02\/Vacunacion-poblacion-14-Medium-450x300.jpg 450w, https:\/\/observadorserrano.com.ar\/wp-content\/uploads\/2021\/02\/Vacunacion-poblacion-14-Medium-750x500.jpg 750w, https:\/\/observadorserrano.com.ar\/wp-content\/uploads\/2021\/02\/Vacunacion-poblacion-14-Medium-1140x761.jpg 1140w, https:\/\/observadorserrano.com.ar\/wp-content\/uploads\/2021\/02\/Vacunacion-poblacion-14-Medium.jpg 1151w\" sizes=\"(max-width: 300px) 100vw, 300px\" \/> <img loading=\"lazy\" class=\"alignnone size-medium wp-image-1937\" src=\"https:\/\/observadorserrano.com.ar\/wp-content\/uploads\/2021\/02\/Vacunacion-poblacion-15-Medium-300x200.jpg\" alt=\"\" width=\"300\" height=\"200\" srcset=\"https:\/\/observadorserrano.com.ar\/wp-content\/uploads\/2021\/02\/Vacunacion-poblacion-15-Medium-300x200.jpg 300w, https:\/\/observadorserrano.com.ar\/wp-content\/uploads\/2021\/02\/Vacunacion-poblacion-15-Medium-1024x683.jpg 1024w, https:\/\/observadorserrano.com.ar\/wp-content\/uploads\/2021\/02\/Vacunacion-poblacion-15-Medium-768x512.jpg 768w, https:\/\/observadorserrano.com.ar\/wp-content\/uploads\/2021\/02\/Vacunacion-poblacion-15-Medium-450x300.jpg 450w, https:\/\/observadorserrano.com.ar\/wp-content\/uploads\/2021\/02\/Vacunacion-poblacion-15-Medium-750x500.jpg 750w, https:\/\/observadorserrano.com.ar\/wp-content\/uploads\/2021\/02\/Vacunacion-poblacion-15-Medium-1140x761.jpg 1140w, https:\/\/observadorserrano.com.ar\/wp-content\/uploads\/2021\/02\/Vacunacion-poblacion-15-Medium.jpg 1151w\" sizes=\"(max-width: 300px) 100vw, 300px\" \/> <img loading=\"lazy\" class=\"alignnone size-medium wp-image-1938\" src=\"https:\/\/observadorserrano.com.ar\/wp-content\/uploads\/2021\/02\/Vacunacion-poblacion-16-Medium-300x200.jpg\" alt=\"\" width=\"300\" height=\"200\" srcset=\"https:\/\/observadorserrano.com.ar\/wp-content\/uploads\/2021\/02\/Vacunacion-poblacion-16-Medium-300x200.jpg 300w, https:\/\/observadorserrano.com.ar\/wp-content\/uploads\/2021\/02\/Vacunacion-poblacion-16-Medium-1024x683.jpg 1024w, https:\/\/observadorserrano.com.ar\/wp-content\/uploads\/2021\/02\/Vacunacion-poblacion-16-Medium-768x512.jpg 768w, https:\/\/observadorserrano.com.ar\/wp-content\/uploads\/2021\/02\/Vacunacion-poblacion-16-Medium-450x300.jpg 450w, https:\/\/observadorserrano.com.ar\/wp-content\/uploads\/2021\/02\/Vacunacion-poblacion-16-Medium-750x500.jpg 750w, https:\/\/observadorserrano.com.ar\/wp-content\/uploads\/2021\/02\/Vacunacion-poblacion-16-Medium-1140x761.jpg 1140w, https:\/\/observadorserrano.com.ar\/wp-content\/uploads\/2021\/02\/Vacunacion-poblacion-16-Medium.jpg 1151w\" sizes=\"(max-width: 300px) 100vw, 300px\" \/>\r\n\r\n \r\n\r\n&nbsp;\r\n\r\n \r\n<figure class=\"wp-block-embed is-type-video is-provider-youtube wp-block-embed-youtube wp-embed-aspect-16-9 wp-has-aspect-ratio\">\r\n<div class=\"wp-block-embed__wrapper\"><\/div><\/figure>\r\n <\/div>","protected":false},"excerpt":{"rendered":"<p>Este jueves en la Escuela Primaria N\u00b0 1 \u2018Domingo Faustino Sarmiento\u2019 de Tornquist, comenz\u00f3 la vacunaci\u00f3n de la poblaci\u00f3n contra el Covid-19, en el marco del Plan provincial p\u00fablico, gratuito y optativo \u2018Buenos Aires Vacunate\u2019. Para presenciar y acompa\u00f1ar el inicio de la primera jornada de la campa\u00f1a masiva, estuvieron presentes el intendente Sergio Bordoni [&hellip;]<\/p>\n","protected":false},"author":2,"featured_media":1936,"comment_status":"open","ping_status":"open","sticky":false,"template":"","format":"standard","meta":[],"categories":[18,43,45],"tags":[502],"_links":{"self":[{"href":"https:\/\/observadorserrano.com.ar\/index.php?rest_route=\/wp\/v2\/posts\/1922"}],"collection":[{"href":"https:\/\/observadorserrano.com.ar\/index.php?rest_route=\/wp\/v2\/posts"}],"about":[{"href":"https:\/\/observadorserrano.com.ar\/index.php?rest_route=\/wp\/v2\/types\/post"}],"author":[{"embeddable":true,"href":"https:\/\/observadorserrano.com.ar\/index.php?rest_route=\/wp\/v2\/users\/2"}],"replies":[{"embeddable":true,"href":"https:\/\/observadorserrano.com.ar\/index.php?rest_route=%2Fwp%2Fv2%2Fcomments&post=1922"}],"version-history":[{"count":1,"href":"https:\/\/observadorserrano.com.ar\/index.php?rest_route=\/wp\/v2\/posts\/1922\/revisions"}],"predecessor-version":[{"id":1939,"href":"https:\/\/observadorserrano.com.ar\/index.php?rest_route=\/wp\/v2\/posts\/1922\/revisions\/1939"}],"wp:featuredmedia":[{"embeddable":true,"href":"https:\/\/observadorserrano.com.ar\/index.php?rest_route=\/wp\/v2\/media\/1936"}],"wp:attachment":[{"href":"https:\/\/observadorserrano.com.ar\/index.php?rest_route=%2Fwp%2Fv2%2Fmedia&parent=1922"}],"wp:term":[{"taxonomy":"category","embeddable":true,"href":"https:\/\/observadorserrano.com.ar\/index.php?rest_route=%2Fwp%2Fv2%2Fcategories&post=1922"},{"taxonomy":"post_tag","embeddable":true,"href":"https:\/\/observadorserrano.com.ar\/index.php?rest_route=%2Fwp%2Fv2%2Ftags&post=1922"}],"curies":[{"name":"wp","href":"https:\/\/api.w.org\/{rel}","templated":true}]}}