{"id":1956,"date":"2021-02-19T16:40:31","date_gmt":"2021-02-19T19:40:31","guid":{"rendered":"https:\/\/observadorserrano.com.ar\/?p=1956"},"modified":"2021-02-19T16:40:31","modified_gmt":"2021-02-19T19:40:31","slug":"villa-ventana-solicitan-no-arrojar-residuos-indebidos-en-los-puntos-limpios","status":"publish","type":"post","link":"https:\/\/observadorserrano.com.ar\/?p=1956","title":{"rendered":"Villa Ventana: Solicitan no arrojar residuos indebidos en los puntos limpios"},"content":{"rendered":"<div class=\"pf-content\"><div class=\"edit-post-visual-editor editor-styles-wrapper\" tabindex=\"-1\">\n<div class=\"block-editor__typewriter\">\n<div>\n<div class=\"block-editor-writing-flow\">\n<div>\n<div>\n<div>\n<div class=\"block-editor-block-list__layout is-root-container\">\n<p id=\"block-865a5ee5-e794-4b1f-af16-916f1994610e\" class=\"block-editor-rich-text__editable block-editor-block-list__block wp-block rich-text\" tabindex=\"0\" role=\"group\" aria-multiline=\"true\" aria-label=\"Bloque de p\u00e1rrafo\" data-block=\"865a5ee5-e794-4b1f-af16-916f1994610e\" data-type=\"core\/paragraph\" data-title=\"P\u00e1rrafo\">La Direcci\u00f3n de Medio Ambiente de Tornquist Municipio y la delegaci\u00f3n de Villa Ventana, solicitan a los vecinos de la localidad depositar en los puntos limpios \u00fanicamente los residuos para los que est\u00e1n destinados.<\/p>\n<p id=\"block-8ebf9f81-2149-4318-b2d7-941f7c810577\" class=\"block-editor-rich-text__editable block-editor-block-list__block wp-block rich-text\" tabindex=\"0\" role=\"group\" aria-multiline=\"true\" aria-label=\"Bloque de p\u00e1rrafo\" data-block=\"8ebf9f81-2149-4318-b2d7-941f7c810577\" data-type=\"core\/paragraph\" data-title=\"P\u00e1rrafo\">En ese sentido, piden responsabilidad a la poblaci\u00f3n y recuerdan que en dichos sitios, ubicados en calle Tres Picos frente al corral\u00f3n municipal y en Av. Cruz del Sur frente a la Sociedad de Fomento, s\u00f3lo se deben depositar materiales de vidrio, pl\u00e1stico, lata, papel, telgopor y cart\u00f3n.<\/p>\n<p id=\"block-b9640095-6727-4549-bbcd-d25383b5ed00\" class=\"block-editor-rich-text__editable block-editor-block-list__block wp-block rich-text\" tabindex=\"0\" role=\"group\" aria-multiline=\"true\" aria-label=\"Bloque de p\u00e1rrafo\" data-block=\"b9640095-6727-4549-bbcd-d25383b5ed00\" data-type=\"core\/paragraph\" data-title=\"P\u00e1rrafo\">Por \u00faltimo, agradecen a todos aquellos que contin\u00faan colaborando llevando adelante la separaci\u00f3n de residuos y reciclado, y convocan a toda la comunidad a imitar ese tipo de acciones para lograr, entre todos, una Villa m\u00e1s limpia.<\/p>\n<div class=\"block-list-appender wp-block\" tabindex=\"-1\"><\/div>\n<\/div>\n<\/div>\n<\/div>\n<\/div>\n<div tabindex=\"0\"><\/div>\n<div class=\"block-editor-writing-flow__click-redirect\" tabindex=\"-1\" aria-hidden=\"true\"><\/div>\n<\/div>\n<\/div>\n<\/div>\n<\/div>\n<div class=\"edit-post-layout__metaboxes\">\n<div class=\"edit-post-meta-boxes-area is-advanced\">\n<div class=\"edit-post-meta-boxes-area__container\">\n<form class=\"metabox-location-advanced\">\n<div id=\"poststuff\" class=\"sidebar-open\">\n<div id=\"postbox-container-2\" class=\"postbox-container\">\n<div id=\"advanced-sortables\" class=\"meta-box-sortables ui-sortable\">\n<div id=\"webdados_fb_open_graph\" class=\"postbox closed\">\n<div class=\"postbox-header\">\n<h2 class=\"hndle ui-sortable-handle\"><\/h2>\n<div class=\"handle-actions hide-if-no-js\"><\/div>\n<\/div>\n<\/div>\n<\/div>\n<\/div>\n<\/div>\n<\/form>\n<\/div>\n<\/div>\n<\/div>\n<\/div>","protected":false},"excerpt":{"rendered":"<p>La Direcci\u00f3n de Medio Ambiente de Tornquist Municipio y la delegaci\u00f3n de Villa Ventana, solicitan a los vecinos de la localidad depositar en los puntos limpios \u00fanicamente los residuos para los que est\u00e1n destinados. En ese sentido, piden responsabilidad a la poblaci\u00f3n y recuerdan que en dichos sitios, ubicados en calle Tres Picos frente al [&hellip;]<\/p>\n","protected":false},"author":2,"featured_media":1957,"comment_status":"open","ping_status":"open","sticky":false,"template":"","format":"standard","meta":[],"categories":[18,43],"tags":[507],"_links":{"self":[{"href":"https:\/\/observadorserrano.com.ar\/index.php?rest_route=\/wp\/v2\/posts\/1956"}],"collection":[{"href":"https:\/\/observadorserrano.com.ar\/index.php?rest_route=\/wp\/v2\/posts"}],"about":[{"href":"https:\/\/observadorserrano.com.ar\/index.php?rest_route=\/wp\/v2\/types\/post"}],"author":[{"embeddable":true,"href":"https:\/\/observadorserrano.com.ar\/index.php?rest_route=\/wp\/v2\/users\/2"}],"replies":[{"embeddable":true,"href":"https:\/\/observadorserrano.com.ar\/index.php?rest_route=%2Fwp%2Fv2%2Fcomments&post=1956"}],"version-history":[{"count":1,"href":"https:\/\/observadorserrano.com.ar\/index.php?rest_route=\/wp\/v2\/posts\/1956\/revisions"}],"predecessor-version":[{"id":1958,"href":"https:\/\/observadorserrano.com.ar\/index.php?rest_route=\/wp\/v2\/posts\/1956\/revisions\/1958"}],"wp:featuredmedia":[{"embeddable":true,"href":"https:\/\/observadorserrano.com.ar\/index.php?rest_route=\/wp\/v2\/media\/1957"}],"wp:attachment":[{"href":"https:\/\/observadorserrano.com.ar\/index.php?rest_route=%2Fwp%2Fv2%2Fmedia&parent=1956"}],"wp:term":[{"taxonomy":"category","embeddable":true,"href":"https:\/\/observadorserrano.com.ar\/index.php?rest_route=%2Fwp%2Fv2%2Fcategories&post=1956"},{"taxonomy":"post_tag","embeddable":true,"href":"https:\/\/observadorserrano.com.ar\/index.php?rest_route=%2Fwp%2Fv2%2Ftags&post=1956"}],"curies":[{"name":"wp","href":"https:\/\/api.w.org\/{rel}","templated":true}]}}