{"id":2019,"date":"2021-02-23T12:24:35","date_gmt":"2021-02-23T15:24:35","guid":{"rendered":"https:\/\/observadorserrano.com.ar\/?p=2019"},"modified":"2021-02-23T12:24:35","modified_gmt":"2021-02-23T15:24:35","slug":"covid-19-en-los-ultimos-tres-dias-hubo-10-casos-y-una-persona-fallecida","status":"publish","type":"post","link":"https:\/\/observadorserrano.com.ar\/?p=2019","title":{"rendered":"Covid 19: En los \u00faltimos tres di\u00e1s hubo 10 casos y una persona fallecida"},"content":{"rendered":"<div class=\"pf-content\"><p>La Secretar\u00eda de Salud inform\u00f3 que en los \u00faltimos tres d\u00f1ioas hubo 10 casos confirmados de COVID 19 y una persona fallecida de Tornquist.<\/p>\n<p>Son 38 los activos, con 13 recuperados, 16 descartados y 256 aislados<\/p>\n<p>Confirmados: 852<\/p>\n<p>Recuperados: 797<\/p>\n<p>Descartados: 856<\/p>\n<p>Fallecidos: 17<\/p>\n<\/div>","protected":false},"excerpt":{"rendered":"<p>La Secretar\u00eda de Salud inform\u00f3 que en los \u00faltimos tres d\u00f1ioas hubo 10 casos confirmados de COVID 19 y una persona fallecida de Tornquist. Son 38 los activos, con 13 recuperados, 16 descartados y 256 aislados Confirmados: 852 Recuperados: 797 Descartados: 856 Fallecidos: 17<\/p>\n","protected":false},"author":2,"featured_media":2020,"comment_status":"open","ping_status":"open","sticky":false,"template":"","format":"standard","meta":[],"categories":[43,45],"tags":[516],"_links":{"self":[{"href":"https:\/\/observadorserrano.com.ar\/index.php?rest_route=\/wp\/v2\/posts\/2019"}],"collection":[{"href":"https:\/\/observadorserrano.com.ar\/index.php?rest_route=\/wp\/v2\/posts"}],"about":[{"href":"https:\/\/observadorserrano.com.ar\/index.php?rest_route=\/wp\/v2\/types\/post"}],"author":[{"embeddable":true,"href":"https:\/\/observadorserrano.com.ar\/index.php?rest_route=\/wp\/v2\/users\/2"}],"replies":[{"embeddable":true,"href":"https:\/\/observadorserrano.com.ar\/index.php?rest_route=%2Fwp%2Fv2%2Fcomments&post=2019"}],"version-history":[{"count":1,"href":"https:\/\/observadorserrano.com.ar\/index.php?rest_route=\/wp\/v2\/posts\/2019\/revisions"}],"predecessor-version":[{"id":2021,"href":"https:\/\/observadorserrano.com.ar\/index.php?rest_route=\/wp\/v2\/posts\/2019\/revisions\/2021"}],"wp:featuredmedia":[{"embeddable":true,"href":"https:\/\/observadorserrano.com.ar\/index.php?rest_route=\/wp\/v2\/media\/2020"}],"wp:attachment":[{"href":"https:\/\/observadorserrano.com.ar\/index.php?rest_route=%2Fwp%2Fv2%2Fmedia&parent=2019"}],"wp:term":[{"taxonomy":"category","embeddable":true,"href":"https:\/\/observadorserrano.com.ar\/index.php?rest_route=%2Fwp%2Fv2%2Fcategories&post=2019"},{"taxonomy":"post_tag","embeddable":true,"href":"https:\/\/observadorserrano.com.ar\/index.php?rest_route=%2Fwp%2Fv2%2Ftags&post=2019"}],"curies":[{"name":"wp","href":"https:\/\/api.w.org\/{rel}","templated":true}]}}