{"id":2183,"date":"2021-03-06T10:57:14","date_gmt":"2021-03-06T13:57:14","guid":{"rendered":"https:\/\/observadorserrano.com.ar\/?p=2183"},"modified":"2021-03-06T10:57:14","modified_gmt":"2021-03-06T13:57:14","slug":"avanza-la-reparacion-de-calles-de-tornquist","status":"publish","type":"post","link":"https:\/\/observadorserrano.com.ar\/?p=2183","title":{"rendered":"Avanza la reparaci\u00f3n de calles de Tornquist"},"content":{"rendered":"<div class=\"pf-content\"><h4>Este viernes, personal del \u00e1rea de Servicios Especiales Urbanos del municipio avanz\u00f3 con la reparaci\u00f3n de cuadras de las avenidas Lavalle e Yrigoyen de Tornquist.<\/h4>\n<h4>Para la ejecuci\u00f3n de las tareas, se estaban aguardando las condiciones necesarias de humedad en la superficie que finalmente dieron las precipitaciones de las \u00faltimas horas.<\/h4>\n<h4>Debido a la sequ\u00eda por falta de lluvias que predominaba la zona desde hace alrededor de 50 d\u00edas, se produjo un atraso l\u00f3gico en el arreglo de calles y caminos; \u00a0ahora se continuar\u00e1 trabajando para reponer la mayor cantidad de arterias posible.<\/h4>\n<p><img loading=\"lazy\" class=\"alignnone size-medium wp-image-2184\" src=\"https:\/\/observadorserrano.com.ar\/wp-content\/uploads\/2021\/03\/Arreglo-de-calles-1-300x139.jpeg\" alt=\"\" width=\"300\" height=\"139\" srcset=\"https:\/\/observadorserrano.com.ar\/wp-content\/uploads\/2021\/03\/Arreglo-de-calles-1-300x139.jpeg 300w, https:\/\/observadorserrano.com.ar\/wp-content\/uploads\/2021\/03\/Arreglo-de-calles-1-1024x473.jpeg 1024w, https:\/\/observadorserrano.com.ar\/wp-content\/uploads\/2021\/03\/Arreglo-de-calles-1-768x355.jpeg 768w, https:\/\/observadorserrano.com.ar\/wp-content\/uploads\/2021\/03\/Arreglo-de-calles-1-650x300.jpeg 650w, https:\/\/observadorserrano.com.ar\/wp-content\/uploads\/2021\/03\/Arreglo-de-calles-1-1140x526.jpeg 1140w, https:\/\/observadorserrano.com.ar\/wp-content\/uploads\/2021\/03\/Arreglo-de-calles-1-750x346.jpeg 750w, https:\/\/observadorserrano.com.ar\/wp-content\/uploads\/2021\/03\/Arreglo-de-calles-1.jpeg 1152w\" sizes=\"(max-width: 300px) 100vw, 300px\" \/> <img loading=\"lazy\" class=\"alignnone size-medium wp-image-2185\" src=\"https:\/\/observadorserrano.com.ar\/wp-content\/uploads\/2021\/03\/Arreglo-de-calles-2-300x139.jpeg\" alt=\"\" width=\"300\" height=\"139\" srcset=\"https:\/\/observadorserrano.com.ar\/wp-content\/uploads\/2021\/03\/Arreglo-de-calles-2-300x139.jpeg 300w, https:\/\/observadorserrano.com.ar\/wp-content\/uploads\/2021\/03\/Arreglo-de-calles-2-1024x473.jpeg 1024w, https:\/\/observadorserrano.com.ar\/wp-content\/uploads\/2021\/03\/Arreglo-de-calles-2-768x355.jpeg 768w, https:\/\/observadorserrano.com.ar\/wp-content\/uploads\/2021\/03\/Arreglo-de-calles-2-650x300.jpeg 650w, https:\/\/observadorserrano.com.ar\/wp-content\/uploads\/2021\/03\/Arreglo-de-calles-2-1140x526.jpeg 1140w, https:\/\/observadorserrano.com.ar\/wp-content\/uploads\/2021\/03\/Arreglo-de-calles-2-750x346.jpeg 750w, https:\/\/observadorserrano.com.ar\/wp-content\/uploads\/2021\/03\/Arreglo-de-calles-2.jpeg 1152w\" sizes=\"(max-width: 300px) 100vw, 300px\" \/> <img loading=\"lazy\" class=\"alignnone size-medium wp-image-2186\" src=\"https:\/\/observadorserrano.com.ar\/wp-content\/uploads\/2021\/03\/Arreglo-de-calles-3-300x139.jpeg\" alt=\"\" width=\"300\" height=\"139\" srcset=\"https:\/\/observadorserrano.com.ar\/wp-content\/uploads\/2021\/03\/Arreglo-de-calles-3-300x139.jpeg 300w, https:\/\/observadorserrano.com.ar\/wp-content\/uploads\/2021\/03\/Arreglo-de-calles-3-1024x473.jpeg 1024w, https:\/\/observadorserrano.com.ar\/wp-content\/uploads\/2021\/03\/Arreglo-de-calles-3-768x355.jpeg 768w, https:\/\/observadorserrano.com.ar\/wp-content\/uploads\/2021\/03\/Arreglo-de-calles-3-650x300.jpeg 650w, https:\/\/observadorserrano.com.ar\/wp-content\/uploads\/2021\/03\/Arreglo-de-calles-3-1140x526.jpeg 1140w, https:\/\/observadorserrano.com.ar\/wp-content\/uploads\/2021\/03\/Arreglo-de-calles-3-750x346.jpeg 750w, https:\/\/observadorserrano.com.ar\/wp-content\/uploads\/2021\/03\/Arreglo-de-calles-3.jpeg 1152w\" sizes=\"(max-width: 300px) 100vw, 300px\" \/> <img loading=\"lazy\" class=\"alignnone size-medium wp-image-2187\" src=\"https:\/\/observadorserrano.com.ar\/wp-content\/uploads\/2021\/03\/Arreglo-de-calles-6-300x139.jpeg\" alt=\"\" width=\"300\" height=\"139\" srcset=\"https:\/\/observadorserrano.com.ar\/wp-content\/uploads\/2021\/03\/Arreglo-de-calles-6-300x139.jpeg 300w, https:\/\/observadorserrano.com.ar\/wp-content\/uploads\/2021\/03\/Arreglo-de-calles-6-1024x473.jpeg 1024w, https:\/\/observadorserrano.com.ar\/wp-content\/uploads\/2021\/03\/Arreglo-de-calles-6-768x355.jpeg 768w, https:\/\/observadorserrano.com.ar\/wp-content\/uploads\/2021\/03\/Arreglo-de-calles-6-650x300.jpeg 650w, https:\/\/observadorserrano.com.ar\/wp-content\/uploads\/2021\/03\/Arreglo-de-calles-6-1140x526.jpeg 1140w, https:\/\/observadorserrano.com.ar\/wp-content\/uploads\/2021\/03\/Arreglo-de-calles-6-750x346.jpeg 750w, https:\/\/observadorserrano.com.ar\/wp-content\/uploads\/2021\/03\/Arreglo-de-calles-6.jpeg 1152w\" sizes=\"(max-width: 300px) 100vw, 300px\" \/> <img loading=\"lazy\" class=\"alignnone size-medium wp-image-2188\" src=\"https:\/\/observadorserrano.com.ar\/wp-content\/uploads\/2021\/03\/Arreglo-de-calles-7-300x139.jpeg\" alt=\"\" width=\"300\" height=\"139\" srcset=\"https:\/\/observadorserrano.com.ar\/wp-content\/uploads\/2021\/03\/Arreglo-de-calles-7-300x139.jpeg 300w, https:\/\/observadorserrano.com.ar\/wp-content\/uploads\/2021\/03\/Arreglo-de-calles-7-1024x473.jpeg 1024w, https:\/\/observadorserrano.com.ar\/wp-content\/uploads\/2021\/03\/Arreglo-de-calles-7-768x355.jpeg 768w, https:\/\/observadorserrano.com.ar\/wp-content\/uploads\/2021\/03\/Arreglo-de-calles-7-650x300.jpeg 650w, https:\/\/observadorserrano.com.ar\/wp-content\/uploads\/2021\/03\/Arreglo-de-calles-7-1140x526.jpeg 1140w, https:\/\/observadorserrano.com.ar\/wp-content\/uploads\/2021\/03\/Arreglo-de-calles-7-750x346.jpeg 750w, https:\/\/observadorserrano.com.ar\/wp-content\/uploads\/2021\/03\/Arreglo-de-calles-7.jpeg 1152w\" sizes=\"(max-width: 300px) 100vw, 300px\" \/> <img loading=\"lazy\" class=\"alignnone size-medium wp-image-2189\" src=\"https:\/\/observadorserrano.com.ar\/wp-content\/uploads\/2021\/03\/Arreglo-de-calles-8-300x139.jpeg\" alt=\"\" width=\"300\" height=\"139\" srcset=\"https:\/\/observadorserrano.com.ar\/wp-content\/uploads\/2021\/03\/Arreglo-de-calles-8-300x139.jpeg 300w, https:\/\/observadorserrano.com.ar\/wp-content\/uploads\/2021\/03\/Arreglo-de-calles-8-1024x473.jpeg 1024w, https:\/\/observadorserrano.com.ar\/wp-content\/uploads\/2021\/03\/Arreglo-de-calles-8-768x355.jpeg 768w, https:\/\/observadorserrano.com.ar\/wp-content\/uploads\/2021\/03\/Arreglo-de-calles-8-650x300.jpeg 650w, https:\/\/observadorserrano.com.ar\/wp-content\/uploads\/2021\/03\/Arreglo-de-calles-8-1140x526.jpeg 1140w, https:\/\/observadorserrano.com.ar\/wp-content\/uploads\/2021\/03\/Arreglo-de-calles-8-750x346.jpeg 750w, https:\/\/observadorserrano.com.ar\/wp-content\/uploads\/2021\/03\/Arreglo-de-calles-8.jpeg 1152w\" sizes=\"(max-width: 300px) 100vw, 300px\" \/><\/p>\n<p>&nbsp;<\/p>\n<\/div>","protected":false},"excerpt":{"rendered":"<p>Este viernes, personal del \u00e1rea de Servicios Especiales Urbanos del municipio avanz\u00f3 con la reparaci\u00f3n de cuadras de las avenidas Lavalle e Yrigoyen de Tornquist. Para la ejecuci\u00f3n de las tareas, se estaban aguardando las condiciones necesarias de humedad en la superficie que finalmente dieron las precipitaciones de las \u00faltimas horas. Debido a la sequ\u00eda [&hellip;]<\/p>\n","protected":false},"author":2,"featured_media":2188,"comment_status":"open","ping_status":"open","sticky":false,"template":"","format":"standard","meta":[],"categories":[45],"tags":[560],"_links":{"self":[{"href":"https:\/\/observadorserrano.com.ar\/index.php?rest_route=\/wp\/v2\/posts\/2183"}],"collection":[{"href":"https:\/\/observadorserrano.com.ar\/index.php?rest_route=\/wp\/v2\/posts"}],"about":[{"href":"https:\/\/observadorserrano.com.ar\/index.php?rest_route=\/wp\/v2\/types\/post"}],"author":[{"embeddable":true,"href":"https:\/\/observadorserrano.com.ar\/index.php?rest_route=\/wp\/v2\/users\/2"}],"replies":[{"embeddable":true,"href":"https:\/\/observadorserrano.com.ar\/index.php?rest_route=%2Fwp%2Fv2%2Fcomments&post=2183"}],"version-history":[{"count":1,"href":"https:\/\/observadorserrano.com.ar\/index.php?rest_route=\/wp\/v2\/posts\/2183\/revisions"}],"predecessor-version":[{"id":2190,"href":"https:\/\/observadorserrano.com.ar\/index.php?rest_route=\/wp\/v2\/posts\/2183\/revisions\/2190"}],"wp:featuredmedia":[{"embeddable":true,"href":"https:\/\/observadorserrano.com.ar\/index.php?rest_route=\/wp\/v2\/media\/2188"}],"wp:attachment":[{"href":"https:\/\/observadorserrano.com.ar\/index.php?rest_route=%2Fwp%2Fv2%2Fmedia&parent=2183"}],"wp:term":[{"taxonomy":"category","embeddable":true,"href":"https:\/\/observadorserrano.com.ar\/index.php?rest_route=%2Fwp%2Fv2%2Fcategories&post=2183"},{"taxonomy":"post_tag","embeddable":true,"href":"https:\/\/observadorserrano.com.ar\/index.php?rest_route=%2Fwp%2Fv2%2Ftags&post=2183"}],"curies":[{"name":"wp","href":"https:\/\/api.w.org\/{rel}","templated":true}]}}