{"id":2191,"date":"2021-03-07T12:37:15","date_gmt":"2021-03-07T15:37:15","guid":{"rendered":"https:\/\/observadorserrano.com.ar\/?p=2191"},"modified":"2021-03-07T12:37:15","modified_gmt":"2021-03-07T15:37:15","slug":"covid-19-continua-el-descenso-de-casos-activos-en-el-distrito","status":"publish","type":"post","link":"https:\/\/observadorserrano.com.ar\/?p=2191","title":{"rendered":"Covid-19: Contin\u00faa el descenso de casos activos en el distrito"},"content":{"rendered":"<div class=\"pf-content\">\r\n<h4>Este domingo, la Secretar\u00eda de Salud report\u00f3 dos nuevos positivos en los \u00faltimos dos d\u00edas y cinco recuperados, por lo que actualmente permanecen con el virus 14 personas: 10 de la localidad cabecera, tres de Saldungaray una de Sierra de la Ventana.<\/h4>\r\n<h4> <\/h4>\r\n<h4>Adem\u00e1s, no hay casos sospechosos y la cantidad de aislados preventivamente es de 82 y 20 fallecimientos.<\/h4>\r\n<h4><img class=\"wp-image-56192\" style=\"color: #333333; font-size: 15px;\" src=\"http:\/\/www.celttv.com.ar\/wp-content\/uploads\/2021\/03\/corona-7-3.jpeg\" alt=\"\" \/><\/h4>\r\n<\/div>","protected":false},"excerpt":{"rendered":"<p>Este domingo, la Secretar\u00eda de Salud report\u00f3 dos nuevos positivos en los \u00faltimos dos d\u00edas y cinco recuperados, por lo que actualmente permanecen con el virus 14 personas: 10 de la localidad cabecera, tres de Saldungaray una de Sierra de la Ventana. Adem\u00e1s, no hay casos sospechosos y la cantidad de aislados preventivamente es de [&hellip;]<\/p>\n","protected":false},"author":2,"featured_media":2192,"comment_status":"open","ping_status":"open","sticky":false,"template":"","format":"standard","meta":[],"categories":[518],"tags":[561],"_links":{"self":[{"href":"https:\/\/observadorserrano.com.ar\/index.php?rest_route=\/wp\/v2\/posts\/2191"}],"collection":[{"href":"https:\/\/observadorserrano.com.ar\/index.php?rest_route=\/wp\/v2\/posts"}],"about":[{"href":"https:\/\/observadorserrano.com.ar\/index.php?rest_route=\/wp\/v2\/types\/post"}],"author":[{"embeddable":true,"href":"https:\/\/observadorserrano.com.ar\/index.php?rest_route=\/wp\/v2\/users\/2"}],"replies":[{"embeddable":true,"href":"https:\/\/observadorserrano.com.ar\/index.php?rest_route=%2Fwp%2Fv2%2Fcomments&post=2191"}],"version-history":[{"count":1,"href":"https:\/\/observadorserrano.com.ar\/index.php?rest_route=\/wp\/v2\/posts\/2191\/revisions"}],"predecessor-version":[{"id":2193,"href":"https:\/\/observadorserrano.com.ar\/index.php?rest_route=\/wp\/v2\/posts\/2191\/revisions\/2193"}],"wp:featuredmedia":[{"embeddable":true,"href":"https:\/\/observadorserrano.com.ar\/index.php?rest_route=\/wp\/v2\/media\/2192"}],"wp:attachment":[{"href":"https:\/\/observadorserrano.com.ar\/index.php?rest_route=%2Fwp%2Fv2%2Fmedia&parent=2191"}],"wp:term":[{"taxonomy":"category","embeddable":true,"href":"https:\/\/observadorserrano.com.ar\/index.php?rest_route=%2Fwp%2Fv2%2Fcategories&post=2191"},{"taxonomy":"post_tag","embeddable":true,"href":"https:\/\/observadorserrano.com.ar\/index.php?rest_route=%2Fwp%2Fv2%2Ftags&post=2191"}],"curies":[{"name":"wp","href":"https:\/\/api.w.org\/{rel}","templated":true}]}}