{"id":2558,"date":"2021-03-29T20:25:16","date_gmt":"2021-03-29T23:25:16","guid":{"rendered":"https:\/\/observadorserrano.com.ar\/?p=2558"},"modified":"2021-03-29T20:26:02","modified_gmt":"2021-03-29T23:26:02","slug":"walter-biondi-fue-reelecto-presidente-del-club-de-pesca-tornquist","status":"publish","type":"post","link":"https:\/\/observadorserrano.com.ar\/?p=2558","title":{"rendered":"Walter Biondi fue reelecto presidente del Club de Pesca Tornquist"},"content":{"rendered":"<div class=\"pf-content\">\r\n<h4>En la asamblea realizada el pasado viernes en el sector de cantinad de la laguna Las Encadenadas result\u00f3 reelecto presidente Walter Biondi.<\/h4>\r\n<h4>\r\n\r\n<\/h4>\r\n<h4>Durante el transcurso de la mencionada asamblea se analizaron y aprobaron la Memoria y Balance del ejercicio N|ro. 62 (iniciado el 1 de enero de 2019 y finalizado el 31 de diciembre del mismo a\u00f1o) y el ejercicio Nro. 63 (iniciado el 1 de enero de 2020 y finalizado el 31 de diciembre de 2020).<\/h4>\r\n<h4>\r\n\r\n<\/h4>\r\n<h4>En primer lugar se aprobaron ambas memorias y, luego de la informaci\u00f3n detallada suministrada por el contador Gabriel Artola, recibieron su aprobaci\u00f3n ambos balances.<\/h4>\r\n<h4>\r\n\r\n<\/h4>\r\n<h4>Posteriormente los asociados presentes tuvieron la posibilidad de presentar sus inquietudes sobre la marcha de la instituci\u00f3n, los proyectos y las gestiones en marcha.<\/h4>\r\n<h4>\r\n\r\n<\/h4>\r\n<h4>Elecci\u00f3n de nuevas autoridades<\/h4>\r\n<h4>\r\n\r\n<\/h4>\r\n<h4>Luego de la aprobaci\u00f3n de la memoria y balance del ejercicio Nro. 63 se procedi\u00f3 a la elecci\u00f3n de nuevas autoridades para lo cual se present\u00f3 la lista oficial encabezada por e electo presidente <strong>Walter Biondi.<\/strong><\/h4>\r\n<h4>\r\n\r\n<\/h4>\r\n<h4>Acompar\u00e1n a Biondi en este nuevo per\u00edodo<\/h4>\r\n<h4>\r\n\r\n<\/h4>\r\n<h4><strong>Marcelino Spialtini<\/strong><\/h4>\r\n<h4>\r\n\r\n<\/h4>\r\n<h4><strong>Norbeerto Borelli<\/strong><\/h4>\r\n<h4>\r\n\r\n<\/h4>\r\n<h4><strong>Nicolas Haspert<\/strong><\/h4>\r\n<h4>\r\n\r\n<\/h4>\r\n<h4><strong>Mart\u00edn Pistola<\/strong><\/h4>\r\n<h4>\r\n\r\n<\/h4>\r\n<h4><strong>Mart\u00edn Echeguia<\/strong><\/h4>\r\n<h4>\r\n\r\n<\/h4>\r\n<h4><strong>Sebastian Laborde<\/strong><\/h4>\r\n<h4>\r\n\r\n<\/h4>\r\n<h4><strong>Adrian Porsel<\/strong><\/h4>\r\n<h4>\r\n\r\n<\/h4>\r\n<h4><strong>German Lorenzo<\/strong><\/h4>\r\n<h4>\r\n\r\n<\/h4>\r\n<h4><strong>Roberto Mutti<\/strong><\/h4>\r\n<h4>\r\n\r\n<\/h4>\r\n<h4><strong>Edgardo Haag<\/strong><\/h4>\r\n<h4>\r\n\r\n<\/h4>\r\n<h4><strong>Susana Lopez<\/strong><\/h4>\r\n<h4>\r\n\r\n<\/h4>\r\n<h4>Distribuci\u00f3n de cargos<\/h4>\r\n<h4>\r\n\r\n<\/h4>\r\n<h4>En el transcurso de esta semana estaba prevista la reuni\u00f3n de distribuci\u00f3n de cargos.<\/h4>\r\n<p>https:\/\/youtu.be\/_KA9u59Hffs <img loading=\"lazy\" class=\"alignnone size-medium wp-image-2559\" src=\"https:\/\/observadorserrano.com.ar\/wp-content\/uploads\/2021\/03\/IMG_6499-Medium-300x200.jpg\" alt=\"\" width=\"300\" height=\"200\" srcset=\"https:\/\/observadorserrano.com.ar\/wp-content\/uploads\/2021\/03\/IMG_6499-Medium-300x200.jpg 300w, https:\/\/observadorserrano.com.ar\/wp-content\/uploads\/2021\/03\/IMG_6499-Medium-1024x683.jpg 1024w, https:\/\/observadorserrano.com.ar\/wp-content\/uploads\/2021\/03\/IMG_6499-Medium-768x512.jpg 768w, https:\/\/observadorserrano.com.ar\/wp-content\/uploads\/2021\/03\/IMG_6499-Medium-450x300.jpg 450w, https:\/\/observadorserrano.com.ar\/wp-content\/uploads\/2021\/03\/IMG_6499-Medium-750x500.jpg 750w, https:\/\/observadorserrano.com.ar\/wp-content\/uploads\/2021\/03\/IMG_6499-Medium-1140x760.jpg 1140w, https:\/\/observadorserrano.com.ar\/wp-content\/uploads\/2021\/03\/IMG_6499-Medium.jpg 1152w\" sizes=\"(max-width: 300px) 100vw, 300px\" \/> <img loading=\"lazy\" class=\"alignnone size-medium wp-image-2560\" src=\"https:\/\/observadorserrano.com.ar\/wp-content\/uploads\/2021\/03\/IMG_6500-Medium-300x200.jpg\" alt=\"\" width=\"300\" height=\"200\" srcset=\"https:\/\/observadorserrano.com.ar\/wp-content\/uploads\/2021\/03\/IMG_6500-Medium-300x200.jpg 300w, https:\/\/observadorserrano.com.ar\/wp-content\/uploads\/2021\/03\/IMG_6500-Medium-1024x683.jpg 1024w, https:\/\/observadorserrano.com.ar\/wp-content\/uploads\/2021\/03\/IMG_6500-Medium-768x512.jpg 768w, https:\/\/observadorserrano.com.ar\/wp-content\/uploads\/2021\/03\/IMG_6500-Medium-450x300.jpg 450w, https:\/\/observadorserrano.com.ar\/wp-content\/uploads\/2021\/03\/IMG_6500-Medium-750x500.jpg 750w, https:\/\/observadorserrano.com.ar\/wp-content\/uploads\/2021\/03\/IMG_6500-Medium-1140x760.jpg 1140w, https:\/\/observadorserrano.com.ar\/wp-content\/uploads\/2021\/03\/IMG_6500-Medium.jpg 1152w\" sizes=\"(max-width: 300px) 100vw, 300px\" \/> <img loading=\"lazy\" class=\"alignnone size-medium wp-image-2561\" src=\"https:\/\/observadorserrano.com.ar\/wp-content\/uploads\/2021\/03\/IMG_6501-Medium-300x200.jpg\" alt=\"\" width=\"300\" height=\"200\" srcset=\"https:\/\/observadorserrano.com.ar\/wp-content\/uploads\/2021\/03\/IMG_6501-Medium-300x200.jpg 300w, https:\/\/observadorserrano.com.ar\/wp-content\/uploads\/2021\/03\/IMG_6501-Medium-1024x683.jpg 1024w, https:\/\/observadorserrano.com.ar\/wp-content\/uploads\/2021\/03\/IMG_6501-Medium-768x512.jpg 768w, https:\/\/observadorserrano.com.ar\/wp-content\/uploads\/2021\/03\/IMG_6501-Medium-450x300.jpg 450w, https:\/\/observadorserrano.com.ar\/wp-content\/uploads\/2021\/03\/IMG_6501-Medium-750x500.jpg 750w, https:\/\/observadorserrano.com.ar\/wp-content\/uploads\/2021\/03\/IMG_6501-Medium-1140x760.jpg 1140w, https:\/\/observadorserrano.com.ar\/wp-content\/uploads\/2021\/03\/IMG_6501-Medium.jpg 1152w\" sizes=\"(max-width: 300px) 100vw, 300px\" \/> <img loading=\"lazy\" class=\"alignnone size-medium wp-image-2562\" src=\"https:\/\/observadorserrano.com.ar\/wp-content\/uploads\/2021\/03\/IMG_6502-Medium-300x200.jpg\" alt=\"\" width=\"300\" height=\"200\" srcset=\"https:\/\/observadorserrano.com.ar\/wp-content\/uploads\/2021\/03\/IMG_6502-Medium-300x200.jpg 300w, https:\/\/observadorserrano.com.ar\/wp-content\/uploads\/2021\/03\/IMG_6502-Medium-1024x683.jpg 1024w, https:\/\/observadorserrano.com.ar\/wp-content\/uploads\/2021\/03\/IMG_6502-Medium-768x512.jpg 768w, https:\/\/observadorserrano.com.ar\/wp-content\/uploads\/2021\/03\/IMG_6502-Medium-450x300.jpg 450w, https:\/\/observadorserrano.com.ar\/wp-content\/uploads\/2021\/03\/IMG_6502-Medium-750x500.jpg 750w, https:\/\/observadorserrano.com.ar\/wp-content\/uploads\/2021\/03\/IMG_6502-Medium-1140x760.jpg 1140w, https:\/\/observadorserrano.com.ar\/wp-content\/uploads\/2021\/03\/IMG_6502-Medium.jpg 1152w\" sizes=\"(max-width: 300px) 100vw, 300px\" \/> <img loading=\"lazy\" class=\"alignnone size-medium wp-image-2563\" src=\"https:\/\/observadorserrano.com.ar\/wp-content\/uploads\/2021\/03\/IMG_6503-Medium-300x200.jpg\" alt=\"\" width=\"300\" height=\"200\" srcset=\"https:\/\/observadorserrano.com.ar\/wp-content\/uploads\/2021\/03\/IMG_6503-Medium-300x200.jpg 300w, https:\/\/observadorserrano.com.ar\/wp-content\/uploads\/2021\/03\/IMG_6503-Medium-1024x683.jpg 1024w, https:\/\/observadorserrano.com.ar\/wp-content\/uploads\/2021\/03\/IMG_6503-Medium-768x512.jpg 768w, https:\/\/observadorserrano.com.ar\/wp-content\/uploads\/2021\/03\/IMG_6503-Medium-450x300.jpg 450w, https:\/\/observadorserrano.com.ar\/wp-content\/uploads\/2021\/03\/IMG_6503-Medium-750x500.jpg 750w, https:\/\/observadorserrano.com.ar\/wp-content\/uploads\/2021\/03\/IMG_6503-Medium-1140x760.jpg 1140w, https:\/\/observadorserrano.com.ar\/wp-content\/uploads\/2021\/03\/IMG_6503-Medium.jpg 1152w\" sizes=\"(max-width: 300px) 100vw, 300px\" \/> <img loading=\"lazy\" class=\"alignnone size-medium wp-image-2564\" src=\"https:\/\/observadorserrano.com.ar\/wp-content\/uploads\/2021\/03\/IMG_6504-Medium-300x200.jpg\" alt=\"\" width=\"300\" height=\"200\" srcset=\"https:\/\/observadorserrano.com.ar\/wp-content\/uploads\/2021\/03\/IMG_6504-Medium-300x200.jpg 300w, https:\/\/observadorserrano.com.ar\/wp-content\/uploads\/2021\/03\/IMG_6504-Medium-1024x683.jpg 1024w, https:\/\/observadorserrano.com.ar\/wp-content\/uploads\/2021\/03\/IMG_6504-Medium-768x512.jpg 768w, https:\/\/observadorserrano.com.ar\/wp-content\/uploads\/2021\/03\/IMG_6504-Medium-450x300.jpg 450w, https:\/\/observadorserrano.com.ar\/wp-content\/uploads\/2021\/03\/IMG_6504-Medium-750x500.jpg 750w, https:\/\/observadorserrano.com.ar\/wp-content\/uploads\/2021\/03\/IMG_6504-Medium-1140x760.jpg 1140w, https:\/\/observadorserrano.com.ar\/wp-content\/uploads\/2021\/03\/IMG_6504-Medium.jpg 1152w\" sizes=\"(max-width: 300px) 100vw, 300px\" \/> <img loading=\"lazy\" class=\"alignnone size-medium wp-image-2565\" src=\"https:\/\/observadorserrano.com.ar\/wp-content\/uploads\/2021\/03\/IMG_6505-Medium-300x200.jpg\" alt=\"\" width=\"300\" height=\"200\" srcset=\"https:\/\/observadorserrano.com.ar\/wp-content\/uploads\/2021\/03\/IMG_6505-Medium-300x200.jpg 300w, https:\/\/observadorserrano.com.ar\/wp-content\/uploads\/2021\/03\/IMG_6505-Medium-1024x683.jpg 1024w, https:\/\/observadorserrano.com.ar\/wp-content\/uploads\/2021\/03\/IMG_6505-Medium-768x512.jpg 768w, https:\/\/observadorserrano.com.ar\/wp-content\/uploads\/2021\/03\/IMG_6505-Medium-450x300.jpg 450w, https:\/\/observadorserrano.com.ar\/wp-content\/uploads\/2021\/03\/IMG_6505-Medium-750x500.jpg 750w, https:\/\/observadorserrano.com.ar\/wp-content\/uploads\/2021\/03\/IMG_6505-Medium-1140x760.jpg 1140w, https:\/\/observadorserrano.com.ar\/wp-content\/uploads\/2021\/03\/IMG_6505-Medium.jpg 1152w\" sizes=\"(max-width: 300px) 100vw, 300px\" \/> <img loading=\"lazy\" class=\"alignnone size-medium wp-image-2566\" src=\"https:\/\/observadorserrano.com.ar\/wp-content\/uploads\/2021\/03\/IMG_6506-Medium-300x200.jpg\" alt=\"\" width=\"300\" height=\"200\" srcset=\"https:\/\/observadorserrano.com.ar\/wp-content\/uploads\/2021\/03\/IMG_6506-Medium-300x200.jpg 300w, https:\/\/observadorserrano.com.ar\/wp-content\/uploads\/2021\/03\/IMG_6506-Medium-1024x683.jpg 1024w, https:\/\/observadorserrano.com.ar\/wp-content\/uploads\/2021\/03\/IMG_6506-Medium-768x512.jpg 768w, https:\/\/observadorserrano.com.ar\/wp-content\/uploads\/2021\/03\/IMG_6506-Medium-450x300.jpg 450w, https:\/\/observadorserrano.com.ar\/wp-content\/uploads\/2021\/03\/IMG_6506-Medium-750x500.jpg 750w, https:\/\/observadorserrano.com.ar\/wp-content\/uploads\/2021\/03\/IMG_6506-Medium-1140x760.jpg 1140w, https:\/\/observadorserrano.com.ar\/wp-content\/uploads\/2021\/03\/IMG_6506-Medium.jpg 1152w\" sizes=\"(max-width: 300px) 100vw, 300px\" \/> <img loading=\"lazy\" class=\"alignnone size-medium wp-image-2567\" src=\"https:\/\/observadorserrano.com.ar\/wp-content\/uploads\/2021\/03\/IMG_6507-Medium-300x200.jpg\" alt=\"\" width=\"300\" height=\"200\" srcset=\"https:\/\/observadorserrano.com.ar\/wp-content\/uploads\/2021\/03\/IMG_6507-Medium-300x200.jpg 300w, https:\/\/observadorserrano.com.ar\/wp-content\/uploads\/2021\/03\/IMG_6507-Medium-1024x683.jpg 1024w, https:\/\/observadorserrano.com.ar\/wp-content\/uploads\/2021\/03\/IMG_6507-Medium-768x512.jpg 768w, https:\/\/observadorserrano.com.ar\/wp-content\/uploads\/2021\/03\/IMG_6507-Medium-450x300.jpg 450w, https:\/\/observadorserrano.com.ar\/wp-content\/uploads\/2021\/03\/IMG_6507-Medium-750x500.jpg 750w, https:\/\/observadorserrano.com.ar\/wp-content\/uploads\/2021\/03\/IMG_6507-Medium-1140x760.jpg 1140w, https:\/\/observadorserrano.com.ar\/wp-content\/uploads\/2021\/03\/IMG_6507-Medium.jpg 1152w\" sizes=\"(max-width: 300px) 100vw, 300px\" \/> <img loading=\"lazy\" class=\"alignnone size-medium wp-image-2568\" src=\"https:\/\/observadorserrano.com.ar\/wp-content\/uploads\/2021\/03\/IMG_6508-Medium-300x200.jpg\" alt=\"\" width=\"300\" height=\"200\" srcset=\"https:\/\/observadorserrano.com.ar\/wp-content\/uploads\/2021\/03\/IMG_6508-Medium-300x200.jpg 300w, https:\/\/observadorserrano.com.ar\/wp-content\/uploads\/2021\/03\/IMG_6508-Medium-1024x683.jpg 1024w, https:\/\/observadorserrano.com.ar\/wp-content\/uploads\/2021\/03\/IMG_6508-Medium-768x512.jpg 768w, https:\/\/observadorserrano.com.ar\/wp-content\/uploads\/2021\/03\/IMG_6508-Medium-450x300.jpg 450w, https:\/\/observadorserrano.com.ar\/wp-content\/uploads\/2021\/03\/IMG_6508-Medium-750x500.jpg 750w, https:\/\/observadorserrano.com.ar\/wp-content\/uploads\/2021\/03\/IMG_6508-Medium-1140x760.jpg 1140w, https:\/\/observadorserrano.com.ar\/wp-content\/uploads\/2021\/03\/IMG_6508-Medium.jpg 1152w\" sizes=\"(max-width: 300px) 100vw, 300px\" \/><\/p>\r\n<\/div>","protected":false},"excerpt":{"rendered":"<p>En la asamblea realizada el pasado viernes en el sector de cantinad de la laguna Las Encadenadas result\u00f3 reelecto presidente Walter Biondi. Durante el transcurso de la mencionada asamblea se analizaron y aprobaron la Memoria y Balance del ejercicio N|ro. 62 (iniciado el 1 de enero de 2019 y finalizado el 31 de diciembre del [&hellip;]<\/p>\n","protected":false},"author":2,"featured_media":2560,"comment_status":"open","ping_status":"open","sticky":false,"template":"","format":"standard","meta":[],"categories":[18,43,9],"tags":[634],"_links":{"self":[{"href":"https:\/\/observadorserrano.com.ar\/index.php?rest_route=\/wp\/v2\/posts\/2558"}],"collection":[{"href":"https:\/\/observadorserrano.com.ar\/index.php?rest_route=\/wp\/v2\/posts"}],"about":[{"href":"https:\/\/observadorserrano.com.ar\/index.php?rest_route=\/wp\/v2\/types\/post"}],"author":[{"embeddable":true,"href":"https:\/\/observadorserrano.com.ar\/index.php?rest_route=\/wp\/v2\/users\/2"}],"replies":[{"embeddable":true,"href":"https:\/\/observadorserrano.com.ar\/index.php?rest_route=%2Fwp%2Fv2%2Fcomments&post=2558"}],"version-history":[{"count":3,"href":"https:\/\/observadorserrano.com.ar\/index.php?rest_route=\/wp\/v2\/posts\/2558\/revisions"}],"predecessor-version":[{"id":2571,"href":"https:\/\/observadorserrano.com.ar\/index.php?rest_route=\/wp\/v2\/posts\/2558\/revisions\/2571"}],"wp:featuredmedia":[{"embeddable":true,"href":"https:\/\/observadorserrano.com.ar\/index.php?rest_route=\/wp\/v2\/media\/2560"}],"wp:attachment":[{"href":"https:\/\/observadorserrano.com.ar\/index.php?rest_route=%2Fwp%2Fv2%2Fmedia&parent=2558"}],"wp:term":[{"taxonomy":"category","embeddable":true,"href":"https:\/\/observadorserrano.com.ar\/index.php?rest_route=%2Fwp%2Fv2%2Fcategories&post=2558"},{"taxonomy":"post_tag","embeddable":true,"href":"https:\/\/observadorserrano.com.ar\/index.php?rest_route=%2Fwp%2Fv2%2Ftags&post=2558"}],"curies":[{"name":"wp","href":"https:\/\/api.w.org\/{rel}","templated":true}]}}