{"id":2681,"date":"2021-04-05T17:20:28","date_gmt":"2021-04-05T20:20:28","guid":{"rendered":"https:\/\/observadorserrano.com.ar\/?p=2681"},"modified":"2021-04-05T17:20:28","modified_gmt":"2021-04-05T20:20:28","slug":"corte-de-agua-programado-para-este-martes-6-de-abril","status":"publish","type":"post","link":"https:\/\/observadorserrano.com.ar\/?p=2681","title":{"rendered":"Corte de agua programado para \u00e9ste martes 6 de abril"},"content":{"rendered":"<div class=\"pf-content\"><h4><strong>Martes 6 <\/strong><strong>CORTE DE AGUA <\/strong><\/h4>\n<h4>Aguas Corrientes informa que ma\u00f1ana, martes 6, de 06.00 a 13.00\u00a0 hs., se encontrar\u00e1 interrumpido el servicio de agua potable en Tornquist, debido a reparaciones que se realizar\u00e1n en ca\u00f1er\u00eda principal.<\/h4>\n<h4>El corte afectar\u00e1 desde la calle L\u00e1inez hasta Combatientes de Malvinas, de Moreno a Rivadavia y Lavalle hasta Irigoyen<\/h4>\n<\/div>","protected":false},"excerpt":{"rendered":"<p>Martes 6 CORTE DE AGUA Aguas Corrientes informa que ma\u00f1ana, martes 6, de 06.00 a 13.00\u00a0 hs., se encontrar\u00e1 interrumpido el servicio de agua potable en Tornquist, debido a reparaciones que se realizar\u00e1n en ca\u00f1er\u00eda principal. El corte afectar\u00e1 desde la calle L\u00e1inez hasta Combatientes de Malvinas, de Moreno a Rivadavia y Lavalle hasta Irigoyen<\/p>\n","protected":false},"author":2,"featured_media":510,"comment_status":"open","ping_status":"open","sticky":false,"template":"","format":"standard","meta":[],"categories":[45],"tags":[650],"_links":{"self":[{"href":"https:\/\/observadorserrano.com.ar\/index.php?rest_route=\/wp\/v2\/posts\/2681"}],"collection":[{"href":"https:\/\/observadorserrano.com.ar\/index.php?rest_route=\/wp\/v2\/posts"}],"about":[{"href":"https:\/\/observadorserrano.com.ar\/index.php?rest_route=\/wp\/v2\/types\/post"}],"author":[{"embeddable":true,"href":"https:\/\/observadorserrano.com.ar\/index.php?rest_route=\/wp\/v2\/users\/2"}],"replies":[{"embeddable":true,"href":"https:\/\/observadorserrano.com.ar\/index.php?rest_route=%2Fwp%2Fv2%2Fcomments&post=2681"}],"version-history":[{"count":1,"href":"https:\/\/observadorserrano.com.ar\/index.php?rest_route=\/wp\/v2\/posts\/2681\/revisions"}],"predecessor-version":[{"id":2682,"href":"https:\/\/observadorserrano.com.ar\/index.php?rest_route=\/wp\/v2\/posts\/2681\/revisions\/2682"}],"wp:featuredmedia":[{"embeddable":true,"href":"https:\/\/observadorserrano.com.ar\/index.php?rest_route=\/wp\/v2\/media\/510"}],"wp:attachment":[{"href":"https:\/\/observadorserrano.com.ar\/index.php?rest_route=%2Fwp%2Fv2%2Fmedia&parent=2681"}],"wp:term":[{"taxonomy":"category","embeddable":true,"href":"https:\/\/observadorserrano.com.ar\/index.php?rest_route=%2Fwp%2Fv2%2Fcategories&post=2681"},{"taxonomy":"post_tag","embeddable":true,"href":"https:\/\/observadorserrano.com.ar\/index.php?rest_route=%2Fwp%2Fv2%2Ftags&post=2681"}],"curies":[{"name":"wp","href":"https:\/\/api.w.org\/{rel}","templated":true}]}}