{"id":3070,"date":"2021-04-27T08:56:41","date_gmt":"2021-04-27T11:56:41","guid":{"rendered":"https:\/\/observadorserrano.com.ar\/?p=3070"},"modified":"2021-04-27T08:56:41","modified_gmt":"2021-04-27T11:56:41","slug":"gran-remontada-de-juanchi-torres","status":"publish","type":"post","link":"https:\/\/observadorserrano.com.ar\/?p=3070","title":{"rendered":"GRAN REMONTADA DE JUANCHI TORRES"},"content":{"rendered":"<div class=\"pf-content\"><p>La tercera fecha del TN en Paran\u00e1 tuvo sus pro y sus contras para Juan Ignacio Torres (C2 &#8211; Corsa Classic). Las contras fueron los toques donde se vio involucrado. Primero en la serie, que lo hicieron desertar de la competencia (incidente con Grasso). A ra\u00edz de esto, tuvo que largar la final desde el fondo, en el puesto 36 sobre 38 inscriptos.<\/p>\n<p>Fue excelente la largada de &#8220;Juanchi&#8221; que super\u00f3 varios rivales pero en la segunda vuelta, recibe un toque que lo hace perder algunas posiciones. Aqu\u00ed viene las cuestiones a favor. Y son el gran auto que preparan en el taller de la familia Torres (Juanchi en el chasis, Sergio, Sebasti\u00e1n y Jos\u00e9 en el motor, sumado a Mirian y el resto de la familia encargandose de la log\u00edstica). Super\u00f3 20 rivales, si 20 autos pas\u00f3 Juan Ignacio a base de manejo y algunas deserciones, rescatando un fin de semana que el s\u00e1bado terminaba complicado.<\/p>\n<p>La final fue ganada por Emanuel Abdala, seguido por Miguel Ciaurro y Alejo Borgiani.<\/p>\n<p>El l\u00edder del campeonato es Emanuel Abdala con 97\u00a0 puntos, segundo Miguel Ciaurro con 70, tercero Sebasti\u00e1n P\u00e9rez (Bah\u00eda Blanca) con 59 pts. Juanchi se ubica 17\u00ba con 32 puntos.<\/p>\n<p>En clase 3 la final fue ganada por Leonel Pern\u00eda, seguido de Juli\u00e1n Santero y Mat\u00edas Mu\u00f1oz Marchesi. Jos\u00e9 Manuel Urcera de gran carrera termin\u00f3 5to detr\u00e1s de Mariano Werner, sumando buena cantidad de puntos luego de una fecha perdida por Covid. Leonel Larrauri finaliz\u00f3 14 y Ricardo Risatti no pudo largar la competencia final.<\/p>\n<p>El campeonato de C3 es liderado por Julian Santero con 111 pts, lo sigue Mat\u00edas Mu\u00f1oz Marchesi con 91 y tercero Leonel Pern\u00eda con 78. Leonel Larrauri est\u00e1 6to con 58 pts y Jos\u00e9 Manuel Urcera 7mo con 51.<\/p>\n<p>Fotos: APAT<\/p>\n<p><img loading=\"lazy\" class=\"aligncenter wp-image-3071 size-large\" src=\"https:\/\/observadorserrano.com.ar\/wp-content\/uploads\/2021\/04\/JUANCHI-1-1024x576.jpg\" alt=\"\" width=\"1024\" height=\"576\" srcset=\"https:\/\/observadorserrano.com.ar\/wp-content\/uploads\/2021\/04\/JUANCHI-1-1024x576.jpg 1024w, https:\/\/observadorserrano.com.ar\/wp-content\/uploads\/2021\/04\/JUANCHI-1-300x169.jpg 300w, https:\/\/observadorserrano.com.ar\/wp-content\/uploads\/2021\/04\/JUANCHI-1-768x432.jpg 768w, https:\/\/observadorserrano.com.ar\/wp-content\/uploads\/2021\/04\/JUANCHI-1-1536x864.jpg 1536w, https:\/\/observadorserrano.com.ar\/wp-content\/uploads\/2021\/04\/JUANCHI-1-533x300.jpg 533w, https:\/\/observadorserrano.com.ar\/wp-content\/uploads\/2021\/04\/JUANCHI-1-750x422.jpg 750w, https:\/\/observadorserrano.com.ar\/wp-content\/uploads\/2021\/04\/JUANCHI-1-1140x641.jpg 1140w, https:\/\/observadorserrano.com.ar\/wp-content\/uploads\/2021\/04\/JUANCHI-1.jpg 1920w\" sizes=\"(max-width: 1024px) 100vw, 1024px\" \/> <img loading=\"lazy\" class=\"aligncenter wp-image-3072 size-large\" src=\"https:\/\/observadorserrano.com.ar\/wp-content\/uploads\/2021\/04\/URCERA-1024x576.jpg\" alt=\"\" width=\"1024\" height=\"576\" srcset=\"https:\/\/observadorserrano.com.ar\/wp-content\/uploads\/2021\/04\/URCERA-1024x576.jpg 1024w, https:\/\/observadorserrano.com.ar\/wp-content\/uploads\/2021\/04\/URCERA-300x169.jpg 300w, https:\/\/observadorserrano.com.ar\/wp-content\/uploads\/2021\/04\/URCERA-768x432.jpg 768w, https:\/\/observadorserrano.com.ar\/wp-content\/uploads\/2021\/04\/URCERA-1536x864.jpg 1536w, https:\/\/observadorserrano.com.ar\/wp-content\/uploads\/2021\/04\/URCERA-533x300.jpg 533w, https:\/\/observadorserrano.com.ar\/wp-content\/uploads\/2021\/04\/URCERA-750x422.jpg 750w, https:\/\/observadorserrano.com.ar\/wp-content\/uploads\/2021\/04\/URCERA-1140x641.jpg 1140w, https:\/\/observadorserrano.com.ar\/wp-content\/uploads\/2021\/04\/URCERA.jpg 1920w\" sizes=\"(max-width: 1024px) 100vw, 1024px\" \/><\/p>\n<p>&nbsp;<\/p>\n<p>&nbsp;<\/p>\n<\/div>","protected":false},"excerpt":{"rendered":"<p>La tercera fecha del TN en Paran\u00e1 tuvo sus pro y sus contras para Juan Ignacio Torres (C2 &#8211; Corsa Classic). Las contras fueron los toques donde se vio involucrado. Primero en la serie, que lo hicieron desertar de la competencia (incidente con Grasso). A ra\u00edz de esto, tuvo que largar la final desde el [&hellip;]<\/p>\n","protected":false},"author":4,"featured_media":3071,"comment_status":"open","ping_status":"open","sticky":false,"template":"","format":"standard","meta":[],"categories":[21],"tags":[],"_links":{"self":[{"href":"https:\/\/observadorserrano.com.ar\/index.php?rest_route=\/wp\/v2\/posts\/3070"}],"collection":[{"href":"https:\/\/observadorserrano.com.ar\/index.php?rest_route=\/wp\/v2\/posts"}],"about":[{"href":"https:\/\/observadorserrano.com.ar\/index.php?rest_route=\/wp\/v2\/types\/post"}],"author":[{"embeddable":true,"href":"https:\/\/observadorserrano.com.ar\/index.php?rest_route=\/wp\/v2\/users\/4"}],"replies":[{"embeddable":true,"href":"https:\/\/observadorserrano.com.ar\/index.php?rest_route=%2Fwp%2Fv2%2Fcomments&post=3070"}],"version-history":[{"count":1,"href":"https:\/\/observadorserrano.com.ar\/index.php?rest_route=\/wp\/v2\/posts\/3070\/revisions"}],"predecessor-version":[{"id":3073,"href":"https:\/\/observadorserrano.com.ar\/index.php?rest_route=\/wp\/v2\/posts\/3070\/revisions\/3073"}],"wp:featuredmedia":[{"embeddable":true,"href":"https:\/\/observadorserrano.com.ar\/index.php?rest_route=\/wp\/v2\/media\/3071"}],"wp:attachment":[{"href":"https:\/\/observadorserrano.com.ar\/index.php?rest_route=%2Fwp%2Fv2%2Fmedia&parent=3070"}],"wp:term":[{"taxonomy":"category","embeddable":true,"href":"https:\/\/observadorserrano.com.ar\/index.php?rest_route=%2Fwp%2Fv2%2Fcategories&post=3070"},{"taxonomy":"post_tag","embeddable":true,"href":"https:\/\/observadorserrano.com.ar\/index.php?rest_route=%2Fwp%2Fv2%2Ftags&post=3070"}],"curies":[{"name":"wp","href":"https:\/\/api.w.org\/{rel}","templated":true}]}}