{"id":3094,"date":"2021-04-28T17:30:51","date_gmt":"2021-04-28T20:30:51","guid":{"rendered":"https:\/\/observadorserrano.com.ar\/?p=3094"},"modified":"2021-04-28T17:30:51","modified_gmt":"2021-04-28T20:30:51","slug":"preocupacion-por-el-aumento-de-precio-de-los-insumos-esenciales-para-las-terapias-intensivas-uti","status":"publish","type":"post","link":"https:\/\/observadorserrano.com.ar\/?p=3094","title":{"rendered":"Preocupaci\u00f3n por el aumento de precio de los insumos esenciales para las terapias intensivas (UTI)"},"content":{"rendered":"<div class=\"pf-content\"><h4 style=\"font-weight: 400;\"><strong>Preocupaci\u00f3n por el aumento de precio de los insumos esenciales para las terapias intensivas (UTI)<\/strong><\/h4>\n<h4 style=\"font-weight: 400;\"><\/h4>\n<h4 style=\"font-weight: 400;\">Lo manifest\u00f3 el senador de Juntos por el Cambio, Andr\u00e9s De Leo, y le pidi\u00f3 a las autoridades provinciales que intervengan para retrotraerlos a los valores previos al incremento.<\/h4>\n<h4 style=\"font-weight: 400;\"><\/h4>\n<h4 style=\"font-weight: 400;\"><\/h4>\n<h4 style=\"font-weight: 400;\">A trav\u00e9s de una declaraci\u00f3n parlamentaria, Andr\u00e9s De Leo expres\u00f3 su\u00a0 preocupaci\u00f3n por el incremento en el precio de los medicamentos esenciales para el tratamiento de pacientes que se encuentran en terapia intensiva, por parte de los laboratorios, al mismo tiempo que inst\u00f3 a las autoridades provinciales y nacionales, para que les exija que retrotraigan los valores anteriores al aumento.<\/h4>\n<h4 style=\"font-weight: 400;\"><\/h4>\n<h4 style=\"font-weight: 400;\">\u201cEl exponencial aumento de contagios producto de la segunda ola de covid, el agotamiento del personal m\u00e9dico y un sistema de sanitario funcionando al l\u00edmite de su capacidad, traen aparejado como da\u00f1o colateral el aumento descomunal e injustificado que tuvieron los medicamentos esenciales para el tratamiento de pacientes que se encuentran en terapia intensiva\u201d, argument\u00f3 el legislador bahiense de JxC.<\/h4>\n<h4 style=\"font-weight: 400;\"><\/h4>\n<h4 style=\"font-weight: 400;\">La pandemia gener\u00f3 un inusual aumento de la demanda de analg\u00e9sicos, sedantes y relajantes musculares que se utilizan con aquellas personas que se encuentran transitando distintas patolog\u00edas en camas de la Unidad de Terapia Intensiva (UTI). Los dos grandes proveedores mundiales de esta medicaci\u00f3n son China e India, y las dificultades de movilidad por los aislamientos, generaron dificultades de provisi\u00f3n y escasez en muchos pa\u00edses, as\u00ed como distorsiones en los precios y el surgimiento de un mercado negro.<\/h4>\n<h4 style=\"font-weight: 400;\"><\/h4>\n<h4 style=\"font-weight: 400;\">Seg\u00fan inform\u00f3 la Uni\u00f3n Argentina de Salud (UAS), que nuclea al setenta por ciento (70%) de las empresas due\u00f1as de prepagas con treinta (30) millones de afiliados, \u201ceste grupo de medicamentos esenciales para la vida de los pacientes graves ha tenido incrementos desmedidos en el \u00faltimo a\u00f1o y de alg\u00fan modo la firma del acuerdo entre la Secretar\u00eda de Comercio Interior, el Ministerio de Salud de la Naci\u00f3n y representantes de la industria farmac\u00e9utica los convalida\u201d. Asimismo la Uni\u00f3n Argentina de Salud advirti\u00f3 a diversos medios de comunicaci\u00f3n que\u00a0 el convenio convalida aumentos de hasta el mil trescientos por ciento (1.300%).<\/h4>\n<h4 style=\"font-weight: 400;\"><\/h4>\n<h4 style=\"font-weight: 400;\">Por su parte, la entidad que re\u00fane a las prepagas dijo adem\u00e1s a trav\u00e9s de un comunicado que \u201cla industria farmac\u00e9utica ha fijado precios en forma unilateral, sin ning\u00fan control regulatorio hasta ahora, bas\u00e1ndose en especulaciones, escudados en la devaluaci\u00f3n del peso argentino, las dificultades para la importaci\u00f3n y la escasez de materia prima a nivel mundial\u201d. Incluso con estos aumentos los prestadores y financiadores contin\u00faan teniendo problemas de aprovisionamiento.<\/h4>\n<h4 style=\"font-weight: 400;\"><\/h4>\n<h4 style=\"font-weight: 400;\">\u201cAnte el estado de situaci\u00f3n descripto, entendemos que resulta imprescindible la intervenci\u00f3n de las autoridades provinciales y nacionales, con el fin de que los laboratorios retrotraigan los aumentos injustificados, los cuales oscilar\u00edan entre un trescientos (300) y mil trescientos (1300) por ciento\u201d, finaliz\u00f3 diciendo De Leo.<\/h4>\n<p style=\"font-weight: 400;\">\n<p><img loading=\"lazy\" class=\"alignnone wp-image-3095 size-jnews-750x375\" src=\"https:\/\/observadorserrano.com.ar\/wp-content\/uploads\/2021\/04\/senador-de-leo-bien-750x375.jpg\" alt=\"\" width=\"750\" height=\"375\" srcset=\"https:\/\/observadorserrano.com.ar\/wp-content\/uploads\/2021\/04\/senador-de-leo-bien-750x375.jpg 750w, https:\/\/observadorserrano.com.ar\/wp-content\/uploads\/2021\/04\/senador-de-leo-bien-360x180.jpg 360w\" sizes=\"(max-width: 750px) 100vw, 750px\" \/><\/p>\n<\/div>","protected":false},"excerpt":{"rendered":"<p>Preocupaci\u00f3n por el aumento de precio de los insumos esenciales para las terapias intensivas (UTI) Lo manifest\u00f3 el senador de Juntos por el Cambio, Andr\u00e9s De Leo, y le pidi\u00f3 a las autoridades provinciales que intervengan para retrotraerlos a los valores previos al incremento. A trav\u00e9s de una declaraci\u00f3n parlamentaria, Andr\u00e9s De Leo expres\u00f3 su\u00a0 [&hellip;]<\/p>\n","protected":false},"author":2,"featured_media":3095,"comment_status":"open","ping_status":"open","sticky":false,"template":"","format":"standard","meta":[],"categories":[18,43,518],"tags":[749],"_links":{"self":[{"href":"https:\/\/observadorserrano.com.ar\/index.php?rest_route=\/wp\/v2\/posts\/3094"}],"collection":[{"href":"https:\/\/observadorserrano.com.ar\/index.php?rest_route=\/wp\/v2\/posts"}],"about":[{"href":"https:\/\/observadorserrano.com.ar\/index.php?rest_route=\/wp\/v2\/types\/post"}],"author":[{"embeddable":true,"href":"https:\/\/observadorserrano.com.ar\/index.php?rest_route=\/wp\/v2\/users\/2"}],"replies":[{"embeddable":true,"href":"https:\/\/observadorserrano.com.ar\/index.php?rest_route=%2Fwp%2Fv2%2Fcomments&post=3094"}],"version-history":[{"count":1,"href":"https:\/\/observadorserrano.com.ar\/index.php?rest_route=\/wp\/v2\/posts\/3094\/revisions"}],"predecessor-version":[{"id":3096,"href":"https:\/\/observadorserrano.com.ar\/index.php?rest_route=\/wp\/v2\/posts\/3094\/revisions\/3096"}],"wp:featuredmedia":[{"embeddable":true,"href":"https:\/\/observadorserrano.com.ar\/index.php?rest_route=\/wp\/v2\/media\/3095"}],"wp:attachment":[{"href":"https:\/\/observadorserrano.com.ar\/index.php?rest_route=%2Fwp%2Fv2%2Fmedia&parent=3094"}],"wp:term":[{"taxonomy":"category","embeddable":true,"href":"https:\/\/observadorserrano.com.ar\/index.php?rest_route=%2Fwp%2Fv2%2Fcategories&post=3094"},{"taxonomy":"post_tag","embeddable":true,"href":"https:\/\/observadorserrano.com.ar\/index.php?rest_route=%2Fwp%2Fv2%2Ftags&post=3094"}],"curies":[{"name":"wp","href":"https:\/\/api.w.org\/{rel}","templated":true}]}}