{"id":3113,"date":"2021-04-29T09:41:21","date_gmt":"2021-04-29T12:41:21","guid":{"rendered":"https:\/\/observadorserrano.com.ar\/?p=3113"},"modified":"2021-04-29T09:41:21","modified_gmt":"2021-04-29T12:41:21","slug":"covid-19-hubo-47-casos-en-los-ultimos-tres-dias-y-hay-98-activos","status":"publish","type":"post","link":"https:\/\/observadorserrano.com.ar\/?p=3113","title":{"rendered":"Covid 19: Hubo 47 casos en los \u00faltimos tres d\u00edas y hay 98 activos"},"content":{"rendered":"<div class=\"pf-content\"><h4>La secretar\u00eda de salud, inform\u00f3 esta ma\u00f1ana que en los \u00faltimos d\u00edas se registraron 47 casos positivos de COVID 19 y se recuperaron 40 personas.<\/h4>\n<h4>Hubo 20 desacartaron y los aislados bajaron de 329 a 305 .<\/h4>\n<h4>Ahora los activos suman 98 de 1146 confirmados y 1026 recuperados. A la fecha no hay sospechosos y los descartados suman 1254. Hay 305 personas aisladas preventivamente y 22 fallecimientos.<\/h4>\n<p><img loading=\"lazy\" class=\"alignnone wp-image-3114 size-full\" src=\"https:\/\/observadorserrano.com.ar\/wp-content\/uploads\/2021\/04\/covis-29-de-abril.jpg\" alt=\"\" width=\"1080\" height=\"1080\" srcset=\"https:\/\/observadorserrano.com.ar\/wp-content\/uploads\/2021\/04\/covis-29-de-abril.jpg 1080w, https:\/\/observadorserrano.com.ar\/wp-content\/uploads\/2021\/04\/covis-29-de-abril-300x300.jpg 300w, https:\/\/observadorserrano.com.ar\/wp-content\/uploads\/2021\/04\/covis-29-de-abril-1024x1024.jpg 1024w, https:\/\/observadorserrano.com.ar\/wp-content\/uploads\/2021\/04\/covis-29-de-abril-150x150.jpg 150w, https:\/\/observadorserrano.com.ar\/wp-content\/uploads\/2021\/04\/covis-29-de-abril-768x768.jpg 768w, https:\/\/observadorserrano.com.ar\/wp-content\/uploads\/2021\/04\/covis-29-de-abril-75x75.jpg 75w, https:\/\/observadorserrano.com.ar\/wp-content\/uploads\/2021\/04\/covis-29-de-abril-750x750.jpg 750w\" sizes=\"(max-width: 1080px) 100vw, 1080px\" \/><\/p>\n<\/div>","protected":false},"excerpt":{"rendered":"<p>La secretar\u00eda de salud, inform\u00f3 esta ma\u00f1ana que en los \u00faltimos d\u00edas se registraron 47 casos positivos de COVID 19 y se recuperaron 40 personas. Hubo 20 desacartaron y los aislados bajaron de 329 a 305 . Ahora los activos suman 98 de 1146 confirmados y 1026 recuperados. A la fecha no hay sospechosos y [&hellip;]<\/p>\n","protected":false},"author":2,"featured_media":3114,"comment_status":"open","ping_status":"open","sticky":false,"template":"","format":"standard","meta":[],"categories":[18,43,518],"tags":[753],"_links":{"self":[{"href":"https:\/\/observadorserrano.com.ar\/index.php?rest_route=\/wp\/v2\/posts\/3113"}],"collection":[{"href":"https:\/\/observadorserrano.com.ar\/index.php?rest_route=\/wp\/v2\/posts"}],"about":[{"href":"https:\/\/observadorserrano.com.ar\/index.php?rest_route=\/wp\/v2\/types\/post"}],"author":[{"embeddable":true,"href":"https:\/\/observadorserrano.com.ar\/index.php?rest_route=\/wp\/v2\/users\/2"}],"replies":[{"embeddable":true,"href":"https:\/\/observadorserrano.com.ar\/index.php?rest_route=%2Fwp%2Fv2%2Fcomments&post=3113"}],"version-history":[{"count":1,"href":"https:\/\/observadorserrano.com.ar\/index.php?rest_route=\/wp\/v2\/posts\/3113\/revisions"}],"predecessor-version":[{"id":3115,"href":"https:\/\/observadorserrano.com.ar\/index.php?rest_route=\/wp\/v2\/posts\/3113\/revisions\/3115"}],"wp:featuredmedia":[{"embeddable":true,"href":"https:\/\/observadorserrano.com.ar\/index.php?rest_route=\/wp\/v2\/media\/3114"}],"wp:attachment":[{"href":"https:\/\/observadorserrano.com.ar\/index.php?rest_route=%2Fwp%2Fv2%2Fmedia&parent=3113"}],"wp:term":[{"taxonomy":"category","embeddable":true,"href":"https:\/\/observadorserrano.com.ar\/index.php?rest_route=%2Fwp%2Fv2%2Fcategories&post=3113"},{"taxonomy":"post_tag","embeddable":true,"href":"https:\/\/observadorserrano.com.ar\/index.php?rest_route=%2Fwp%2Fv2%2Ftags&post=3113"}],"curies":[{"name":"wp","href":"https:\/\/api.w.org\/{rel}","templated":true}]}}