{"id":3129,"date":"2021-04-29T18:07:48","date_gmt":"2021-04-29T21:07:48","guid":{"rendered":"https:\/\/observadorserrano.com.ar\/?p=3129"},"modified":"2021-04-29T18:07:48","modified_gmt":"2021-04-29T21:07:48","slug":"fue-adjudicada-la-obra-de-ampliacion-de-la-red-de-desagues-cloacales-en-tornquist","status":"publish","type":"post","link":"https:\/\/observadorserrano.com.ar\/?p=3129","title":{"rendered":"Fue adjudicada la obra de ampliaci\u00f3n de la red de desag\u00fces cloacales en Tornquist"},"content":{"rendered":"<div class=\"pf-content\"><h4>La Secretar\u00eda de Obras y Servicios P\u00fablicos de Tornquist Municipio, adjudic\u00f3 la obra \u2018Ampliaci\u00f3n de la Red de Desag\u00fces Cloacales en la ciudad de Tornquist\u2019.<\/h4>\n<h4>La ejecuci\u00f3n de la obra estar\u00e1 a cargo de la empresa Cooperativa de Trabajo Bicentenario e implicar\u00e1 una inversi\u00f3n de un total de $31.744.731,76. Los trabajos iniciar\u00e1n durante la primera quincena de mayo y se proyecta que concluyan en octubre pr\u00f3ximo.<\/h4>\n<h4>La red se ampliar\u00e1 a 43 cuadras tanto del sector norte como del sur de la localidad cabecera y prev\u00e9 la conexi\u00f3n del servicio de desag\u00fces cloacales en m\u00e1s de 170 domicilios.<\/h4>\n<p>&nbsp;<\/p>\n<\/div>","protected":false},"excerpt":{"rendered":"<p>La Secretar\u00eda de Obras y Servicios P\u00fablicos de Tornquist Municipio, adjudic\u00f3 la obra \u2018Ampliaci\u00f3n de la Red de Desag\u00fces Cloacales en la ciudad de Tornquist\u2019. La ejecuci\u00f3n de la obra estar\u00e1 a cargo de la empresa Cooperativa de Trabajo Bicentenario e implicar\u00e1 una inversi\u00f3n de un total de $31.744.731,76. Los trabajos iniciar\u00e1n durante la primera [&hellip;]<\/p>\n","protected":false},"author":2,"featured_media":3130,"comment_status":"open","ping_status":"open","sticky":false,"template":"","format":"standard","meta":[],"categories":[18,43,45],"tags":[757],"_links":{"self":[{"href":"https:\/\/observadorserrano.com.ar\/index.php?rest_route=\/wp\/v2\/posts\/3129"}],"collection":[{"href":"https:\/\/observadorserrano.com.ar\/index.php?rest_route=\/wp\/v2\/posts"}],"about":[{"href":"https:\/\/observadorserrano.com.ar\/index.php?rest_route=\/wp\/v2\/types\/post"}],"author":[{"embeddable":true,"href":"https:\/\/observadorserrano.com.ar\/index.php?rest_route=\/wp\/v2\/users\/2"}],"replies":[{"embeddable":true,"href":"https:\/\/observadorserrano.com.ar\/index.php?rest_route=%2Fwp%2Fv2%2Fcomments&post=3129"}],"version-history":[{"count":1,"href":"https:\/\/observadorserrano.com.ar\/index.php?rest_route=\/wp\/v2\/posts\/3129\/revisions"}],"predecessor-version":[{"id":3131,"href":"https:\/\/observadorserrano.com.ar\/index.php?rest_route=\/wp\/v2\/posts\/3129\/revisions\/3131"}],"wp:featuredmedia":[{"embeddable":true,"href":"https:\/\/observadorserrano.com.ar\/index.php?rest_route=\/wp\/v2\/media\/3130"}],"wp:attachment":[{"href":"https:\/\/observadorserrano.com.ar\/index.php?rest_route=%2Fwp%2Fv2%2Fmedia&parent=3129"}],"wp:term":[{"taxonomy":"category","embeddable":true,"href":"https:\/\/observadorserrano.com.ar\/index.php?rest_route=%2Fwp%2Fv2%2Fcategories&post=3129"},{"taxonomy":"post_tag","embeddable":true,"href":"https:\/\/observadorserrano.com.ar\/index.php?rest_route=%2Fwp%2Fv2%2Ftags&post=3129"}],"curies":[{"name":"wp","href":"https:\/\/api.w.org\/{rel}","templated":true}]}}