{"id":3134,"date":"2021-04-29T20:51:28","date_gmt":"2021-04-29T23:51:28","guid":{"rendered":"https:\/\/observadorserrano.com.ar\/?p=3134"},"modified":"2021-04-29T20:51:28","modified_gmt":"2021-04-29T23:51:28","slug":"claudio-masson-todo-los-que-nosotros-somos-y-vivimos-tiene-que-ver-con-la-politica","status":"publish","type":"post","link":"https:\/\/observadorserrano.com.ar\/?p=3134","title":{"rendered":"Claudio Masson: \u201cTodo los que nosotros somos y vivimos tiene que ver con la pol\u00edtica\u201d"},"content":{"rendered":"<div class=\"pf-content\"><p><strong>Claudo Masson es el presidente en el distrito de Tornquist del Frente Grande, partido pol\u00edtico que acaba de<\/strong> <strong>cumplir 28 a\u00f1os de existencia.<\/strong><\/p>\n<p><strong>\u201cSu naciminento es 1993 y luego tuvo una participaci\u00f3n protag\u00f3nica en la pol\u00edtica en la conformaci\u00f3n de La Alianza. El Frente Grande aport\u00f3 determinadas idea que La Alianza y el radicalismo no llevaron adelante y eso gener\u00f3 un proceso de crisis\u201d explic\u00f3 Masson.<\/strong><\/p>\n<p><strong>\u201cEsta reconstrucci\u00f3n comenz\u00f3 en el 2018 en el sub oeste bonaerense y estamos muy contentos\u201d dijo el dirigente del Frente Grande al tiempo que aprovech\u00f3 a invitar a la participaci\u00f3n de la gente en pol\u00edtica o en el \u00e1mbito institucional.<\/strong><\/p>\n<p><strong>\u201cTodos sabemos lo dif\u00edcil que es en la pol\u00edtica, con todo lo desprestigiada que est\u00e1. Es dificil convocar a la gente y que crea, porque en la campa\u00f1a se le dice una cosa y despu\u00e9s se hace otra\u201d se\u00f1al\u00f3.<\/strong><\/p>\n<p><strong>\u201cLa pol\u00edtica es resolverle los problemas a la gente; desarrollar estrategias para que estemos mejor, encontrar formas para que entre todos resolvamos los problemas que tiene nuestra comunidad\u201d<\/strong><\/p>\n<p><strong>\u201cHoy estamos formando parte del Frente de Todos en Tornquist, en la Provincia de Buenos Aires y en la Rep\u00fablica Argentina\u201d dijo Claudio Masson.<\/strong><\/p>\n<p><strong>\u201cTodos los que nosotros somos y vivimos tiene que ver con la pol\u00edtica porque tiene que ver con la idea que tenemos de la vida\u201d sostuvo el presidente del Frente Grande del distrito de Tornquist.<\/strong><\/p>\n<p><strong>NOTA COMPLETA EN VIDEO DE CELT TV NOTICIAS<\/strong><\/p>\n<div class=\"jeg_video_container jeg_video_content\"><iframe loading=\"lazy\" title=\"2021 04 29 COMUNICACION VIA ZOOM CON CLAUDIO MASSON\" width=\"500\" height=\"281\" src=\"https:\/\/www.youtube.com\/embed\/WS-u3JB4fvU?feature=oembed\" frameborder=\"0\" allow=\"accelerometer; autoplay; clipboard-write; encrypted-media; gyroscope; picture-in-picture\" allowfullscreen><\/iframe><\/div>\n<\/div>","protected":false},"excerpt":{"rendered":"<p>Claudo Masson es el presidente en el distrito de Tornquist del Frente Grande, partido pol\u00edtico que acaba de cumplir 28 a\u00f1os de existencia. \u201cSu naciminento es 1993 y luego tuvo una participaci\u00f3n protag\u00f3nica en la pol\u00edtica en la conformaci\u00f3n de La Alianza. El Frente Grande aport\u00f3 determinadas idea que La Alianza y el radicalismo no [&hellip;]<\/p>\n","protected":false},"author":2,"featured_media":3135,"comment_status":"open","ping_status":"open","sticky":false,"template":"","format":"standard","meta":[],"categories":[43,11],"tags":[759],"_links":{"self":[{"href":"https:\/\/observadorserrano.com.ar\/index.php?rest_route=\/wp\/v2\/posts\/3134"}],"collection":[{"href":"https:\/\/observadorserrano.com.ar\/index.php?rest_route=\/wp\/v2\/posts"}],"about":[{"href":"https:\/\/observadorserrano.com.ar\/index.php?rest_route=\/wp\/v2\/types\/post"}],"author":[{"embeddable":true,"href":"https:\/\/observadorserrano.com.ar\/index.php?rest_route=\/wp\/v2\/users\/2"}],"replies":[{"embeddable":true,"href":"https:\/\/observadorserrano.com.ar\/index.php?rest_route=%2Fwp%2Fv2%2Fcomments&post=3134"}],"version-history":[{"count":1,"href":"https:\/\/observadorserrano.com.ar\/index.php?rest_route=\/wp\/v2\/posts\/3134\/revisions"}],"predecessor-version":[{"id":3136,"href":"https:\/\/observadorserrano.com.ar\/index.php?rest_route=\/wp\/v2\/posts\/3134\/revisions\/3136"}],"wp:featuredmedia":[{"embeddable":true,"href":"https:\/\/observadorserrano.com.ar\/index.php?rest_route=\/wp\/v2\/media\/3135"}],"wp:attachment":[{"href":"https:\/\/observadorserrano.com.ar\/index.php?rest_route=%2Fwp%2Fv2%2Fmedia&parent=3134"}],"wp:term":[{"taxonomy":"category","embeddable":true,"href":"https:\/\/observadorserrano.com.ar\/index.php?rest_route=%2Fwp%2Fv2%2Fcategories&post=3134"},{"taxonomy":"post_tag","embeddable":true,"href":"https:\/\/observadorserrano.com.ar\/index.php?rest_route=%2Fwp%2Fv2%2Ftags&post=3134"}],"curies":[{"name":"wp","href":"https:\/\/api.w.org\/{rel}","templated":true}]}}