{"id":3325,"date":"2021-05-13T20:45:34","date_gmt":"2021-05-13T23:45:34","guid":{"rendered":"https:\/\/observadorserrano.com.ar\/?p=3325"},"modified":"2021-05-13T20:45:34","modified_gmt":"2021-05-13T23:45:34","slug":"se-viene-la-carrera-virtual-de-maraton-montana-m42","status":"publish","type":"post","link":"https:\/\/observadorserrano.com.ar\/?p=3325","title":{"rendered":"Se viene la Carrera Virtual de Marat\u00f3n Monta\u00f1a M42"},"content":{"rendered":"<div class=\"pf-content\"><h4>El domingo 30 de mayo se desarrollar\u00e1 la carrera M42, de Marat\u00f3n Monta\u00f1a, que tradicionalmente tiene como escenario al distrito de Tornquist.<\/h4>\n<h4>Debido a la actual situaci\u00f3n epidemiol\u00f3gica, la iniciativa, que como todos los a\u00f1os cuenta con el acompa\u00f1amiento de la Secretar\u00eda de Desarrollo a trav\u00e9s de la Direcci\u00f3n de Deportes, se realizar\u00e1 de manera virtual.<\/h4>\n<h4>La carrera iniciar\u00e1 a las9 hs con una transmisi\u00f3n en vivo por el Instagram @maratonm42. Una vez que concluyan, los participantes deber\u00e1n cargar su tiempo en un sitio web que se les proporcionar\u00e1 al momento de la inscripci\u00f3n.<\/h4>\n<h4>La actividad es gratuita, abierta a todo p\u00fablico y no competitiva.\u00a0 Las inscripciones se realizan en\u00a0<a href=\"https:\/\/eventols.com\/e\/carrera-virtual-m42\">https:\/\/eventols.com\/e\/carrera-virtual-m42<\/a>.<\/h4>\n<h4>Por \u00faltimo, desde la organizaci\u00f3n aclaran que esta edici\u00f3n no\u00a0reemplaza la reprogramaci\u00f3n del M42 con fecha a informar pr\u00f3ximamente dentro del 2021.<\/h4>\n<h4 class=\"really_simple_share really_simple_share_large_button robots-nocontent snap_nopreview\"><\/h4>\n<\/div>","protected":false},"excerpt":{"rendered":"<p>El domingo 30 de mayo se desarrollar\u00e1 la carrera M42, de Marat\u00f3n Monta\u00f1a, que tradicionalmente tiene como escenario al distrito de Tornquist. Debido a la actual situaci\u00f3n epidemiol\u00f3gica, la iniciativa, que como todos los a\u00f1os cuenta con el acompa\u00f1amiento de la Secretar\u00eda de Desarrollo a trav\u00e9s de la Direcci\u00f3n de Deportes, se realizar\u00e1 de manera [&hellip;]<\/p>\n","protected":false},"author":2,"featured_media":3326,"comment_status":"open","ping_status":"open","sticky":false,"template":"","format":"standard","meta":[],"categories":[21,43,45],"tags":[800],"_links":{"self":[{"href":"https:\/\/observadorserrano.com.ar\/index.php?rest_route=\/wp\/v2\/posts\/3325"}],"collection":[{"href":"https:\/\/observadorserrano.com.ar\/index.php?rest_route=\/wp\/v2\/posts"}],"about":[{"href":"https:\/\/observadorserrano.com.ar\/index.php?rest_route=\/wp\/v2\/types\/post"}],"author":[{"embeddable":true,"href":"https:\/\/observadorserrano.com.ar\/index.php?rest_route=\/wp\/v2\/users\/2"}],"replies":[{"embeddable":true,"href":"https:\/\/observadorserrano.com.ar\/index.php?rest_route=%2Fwp%2Fv2%2Fcomments&post=3325"}],"version-history":[{"count":1,"href":"https:\/\/observadorserrano.com.ar\/index.php?rest_route=\/wp\/v2\/posts\/3325\/revisions"}],"predecessor-version":[{"id":3327,"href":"https:\/\/observadorserrano.com.ar\/index.php?rest_route=\/wp\/v2\/posts\/3325\/revisions\/3327"}],"wp:featuredmedia":[{"embeddable":true,"href":"https:\/\/observadorserrano.com.ar\/index.php?rest_route=\/wp\/v2\/media\/3326"}],"wp:attachment":[{"href":"https:\/\/observadorserrano.com.ar\/index.php?rest_route=%2Fwp%2Fv2%2Fmedia&parent=3325"}],"wp:term":[{"taxonomy":"category","embeddable":true,"href":"https:\/\/observadorserrano.com.ar\/index.php?rest_route=%2Fwp%2Fv2%2Fcategories&post=3325"},{"taxonomy":"post_tag","embeddable":true,"href":"https:\/\/observadorserrano.com.ar\/index.php?rest_route=%2Fwp%2Fv2%2Ftags&post=3325"}],"curies":[{"name":"wp","href":"https:\/\/api.w.org\/{rel}","templated":true}]}}