{"id":3339,"date":"2021-05-13T21:45:04","date_gmt":"2021-05-14T00:45:04","guid":{"rendered":"https:\/\/observadorserrano.com.ar\/?p=3339"},"modified":"2021-05-13T21:45:04","modified_gmt":"2021-05-14T00:45:04","slug":"formalizaron-esta-tarde-el-proyecto-para-declarar-a-bahia-zona-fria","status":"publish","type":"post","link":"https:\/\/observadorserrano.com.ar\/?p=3339","title":{"rendered":"Formalizaron esta tarde el proyecto para declarar a Bah\u00eda &#8220;zona fr\u00eda&#8221;"},"content":{"rendered":"<div class=\"pf-content\"><h4>El proyecto de ley para declarar a Bah\u00eda Blanca y otras localidades como &#8220;zona fr\u00eda&#8221; se present\u00f3 formalmente con la firma del diputado M\u00e1ximo Kirchner. Se trata de un trabajo en conjunto entre legisladores de los bloques del Frente de Todos, Consenso Federal y Unidad y Equidad Federal.<\/h4>\n<h4>El presidente de la C\u00e1mara de Diputados, Sergio Massa, celebr\u00f3 la tarea conjunta de los bloques y que con este proyecto que tendr\u00e1 trato prioritario &#8220;porque implica llevar alivio a los usuarios y usuarias de gas y eso genera un impacto directo en el bolsillo&#8221;.<\/h4>\n<h4 class=\"code-block code-block-11\"><\/h4>\n<h4>Por su parte, M\u00e1ximo Kirchner explic\u00f3 que el proyecto \u201cse trata de un cambio de paradigma en relaci\u00f3n a lo que se hizo en cuatro a\u00f1os del gobierno de Juntos por el Cambio con las tarifas\u201d.<\/h4>\n<h4>\u201cQuienes desconocen la realidad de la Argentina y hablaban de veredas calefaccionadas o de que los argentinos y argentinas malgastaban el gas le hicieron un gran da\u00f1o al poder adquisitivo de nuestro pueblo\u201d, agreg\u00f3.<\/h4>\n<h4 class=\"code-block code-block-1\"><\/h4>\n<h4>El diputado del oficialismo destac\u00f3 que &#8220;es saludable para nuestro pueblo y para la econom\u00eda. Lo que no destinen al gas lo van a usar para mejorar sus calefactores que en las zonas m\u00e1s fr\u00edas adem\u00e1s tienen m\u00e1s uso porque la temporada de bajas temperaturas dura m\u00e1s tiempo&#8221;.<\/h4>\n<h4>&#8220;Este proyecto sirve para mejorar le la calidad de vida a los argentinos y argentinas. Est\u00e1 en l\u00ednea con el compromiso que asumimos en 2019 junto con el presidente: buscar alternativas para de a poco, y a pesar de la Pandemia, en un contexto complejo d\u00f3nde muchos han perdido a seres queridos ir avanzando y salir del infierno en el que nos dejaron&#8221;, dijo Kirchner.<\/h4>\n<\/div>","protected":false},"excerpt":{"rendered":"<p>El proyecto de ley para declarar a Bah\u00eda Blanca y otras localidades como &#8220;zona fr\u00eda&#8221; se present\u00f3 formalmente con la firma del diputado M\u00e1ximo Kirchner. Se trata de un trabajo en conjunto entre legisladores de los bloques del Frente de Todos, Consenso Federal y Unidad y Equidad Federal. El presidente de la C\u00e1mara de Diputados, [&hellip;]<\/p>\n","protected":false},"author":2,"featured_media":3340,"comment_status":"open","ping_status":"open","sticky":false,"template":"","format":"standard","meta":[],"categories":[18,43,11],"tags":[801],"_links":{"self":[{"href":"https:\/\/observadorserrano.com.ar\/index.php?rest_route=\/wp\/v2\/posts\/3339"}],"collection":[{"href":"https:\/\/observadorserrano.com.ar\/index.php?rest_route=\/wp\/v2\/posts"}],"about":[{"href":"https:\/\/observadorserrano.com.ar\/index.php?rest_route=\/wp\/v2\/types\/post"}],"author":[{"embeddable":true,"href":"https:\/\/observadorserrano.com.ar\/index.php?rest_route=\/wp\/v2\/users\/2"}],"replies":[{"embeddable":true,"href":"https:\/\/observadorserrano.com.ar\/index.php?rest_route=%2Fwp%2Fv2%2Fcomments&post=3339"}],"version-history":[{"count":1,"href":"https:\/\/observadorserrano.com.ar\/index.php?rest_route=\/wp\/v2\/posts\/3339\/revisions"}],"predecessor-version":[{"id":3341,"href":"https:\/\/observadorserrano.com.ar\/index.php?rest_route=\/wp\/v2\/posts\/3339\/revisions\/3341"}],"wp:featuredmedia":[{"embeddable":true,"href":"https:\/\/observadorserrano.com.ar\/index.php?rest_route=\/wp\/v2\/media\/3340"}],"wp:attachment":[{"href":"https:\/\/observadorserrano.com.ar\/index.php?rest_route=%2Fwp%2Fv2%2Fmedia&parent=3339"}],"wp:term":[{"taxonomy":"category","embeddable":true,"href":"https:\/\/observadorserrano.com.ar\/index.php?rest_route=%2Fwp%2Fv2%2Fcategories&post=3339"},{"taxonomy":"post_tag","embeddable":true,"href":"https:\/\/observadorserrano.com.ar\/index.php?rest_route=%2Fwp%2Fv2%2Ftags&post=3339"}],"curies":[{"name":"wp","href":"https:\/\/api.w.org\/{rel}","templated":true}]}}