{"id":3471,"date":"2021-05-21T18:26:04","date_gmt":"2021-05-21T21:26:04","guid":{"rendered":"https:\/\/observadorserrano.com.ar\/?p=3471"},"modified":"2021-05-21T18:26:04","modified_gmt":"2021-05-21T21:26:04","slug":"para-quienes-no-tienen-la-tarjeta-fisica-alimentar-la-anses-abona-la-tarjeta-alimentar-a-beneficiarios-de-la-auh-de-0-a-6-anos","status":"publish","type":"post","link":"https:\/\/observadorserrano.com.ar\/?p=3471","title":{"rendered":"Para quienes no tienen la tarjeta f\u00edsica alimentar  LA ANSES ABONA LA TARJETA ALIMENTAR A BENEFICIARIOS DE LA AUH DE 0 A 6 A\u00d1OS"},"content":{"rendered":"<div class=\"pf-content\"><p style=\"font-weight: 400;\"><strong>Para quienes no tienen la tarjeta f\u00edsica alimentar<\/strong><\/p>\n<p style=\"font-weight: 400;\"><strong>LA ANSES ABONA LA TARJETA ALIMENTAR A BENEFICIARIOS DE LA AUH DE 0 A 6 A\u00d1OS<\/strong><\/p>\n<p style=\"font-weight: 400;\"><strong>En el marco de la emergencia social y sanitaria por la pandemia el Gobierno Nacional, a trav\u00e9s de la ANSES, abonar\u00e1 a m\u00e1s de\u00a0<\/strong><strong>459.000 titulares de la Asignaci\u00f3n Universal por Hijo<\/strong><strong>\u00a0el monto correspondiente a la Tarjeta Alimentar por un total de\u00a0<\/strong><strong>3.025 millones de pesos.<\/strong><\/p>\n<p style=\"font-weight: 400;\"><strong>La acreditaci\u00f3n ser\u00e1 para titulares de ni\u00f1os y ni\u00f1as de 0 a 6 a\u00f1os, en el mismo medio de pago por el cual perciben la Asignaci\u00f3n Universal por Hijo (AUH) y que no tengan tarjeta pl\u00e1stica alimentar, la cual no es necesaria para cobrar el beneficio.<\/strong><\/p>\n<\/div>","protected":false},"excerpt":{"rendered":"<p>Para quienes no tienen la tarjeta f\u00edsica alimentar LA ANSES ABONA LA TARJETA ALIMENTAR A BENEFICIARIOS DE LA AUH DE 0 A 6 A\u00d1OS En el marco de la emergencia social y sanitaria por la pandemia el Gobierno Nacional, a trav\u00e9s de la ANSES, abonar\u00e1 a m\u00e1s de\u00a0459.000 titulares de la Asignaci\u00f3n Universal por Hijo\u00a0el [&hellip;]<\/p>\n","protected":false},"author":2,"featured_media":2441,"comment_status":"open","ping_status":"open","sticky":false,"template":"","format":"standard","meta":[],"categories":[18,43],"tags":[602],"_links":{"self":[{"href":"https:\/\/observadorserrano.com.ar\/index.php?rest_route=\/wp\/v2\/posts\/3471"}],"collection":[{"href":"https:\/\/observadorserrano.com.ar\/index.php?rest_route=\/wp\/v2\/posts"}],"about":[{"href":"https:\/\/observadorserrano.com.ar\/index.php?rest_route=\/wp\/v2\/types\/post"}],"author":[{"embeddable":true,"href":"https:\/\/observadorserrano.com.ar\/index.php?rest_route=\/wp\/v2\/users\/2"}],"replies":[{"embeddable":true,"href":"https:\/\/observadorserrano.com.ar\/index.php?rest_route=%2Fwp%2Fv2%2Fcomments&post=3471"}],"version-history":[{"count":1,"href":"https:\/\/observadorserrano.com.ar\/index.php?rest_route=\/wp\/v2\/posts\/3471\/revisions"}],"predecessor-version":[{"id":3472,"href":"https:\/\/observadorserrano.com.ar\/index.php?rest_route=\/wp\/v2\/posts\/3471\/revisions\/3472"}],"wp:featuredmedia":[{"embeddable":true,"href":"https:\/\/observadorserrano.com.ar\/index.php?rest_route=\/wp\/v2\/media\/2441"}],"wp:attachment":[{"href":"https:\/\/observadorserrano.com.ar\/index.php?rest_route=%2Fwp%2Fv2%2Fmedia&parent=3471"}],"wp:term":[{"taxonomy":"category","embeddable":true,"href":"https:\/\/observadorserrano.com.ar\/index.php?rest_route=%2Fwp%2Fv2%2Fcategories&post=3471"},{"taxonomy":"post_tag","embeddable":true,"href":"https:\/\/observadorserrano.com.ar\/index.php?rest_route=%2Fwp%2Fv2%2Ftags&post=3471"}],"curies":[{"name":"wp","href":"https:\/\/api.w.org\/{rel}","templated":true}]}}