{"id":3517,"date":"2021-05-25T00:27:45","date_gmt":"2021-05-25T03:27:45","guid":{"rendered":"https:\/\/observadorserrano.com.ar\/?p=3517"},"modified":"2021-05-25T00:28:51","modified_gmt":"2021-05-25T03:28:51","slug":"hector-raul-suarez-q-e-p-d-fallecio-en-tornquist-el-24-de-mayo-de-2021-a-los-78-anos-de-edad","status":"publish","type":"post","link":"https:\/\/observadorserrano.com.ar\/?p=3517","title":{"rendered":"H\u00e9ctor Ra\u00fal SU\u00c1REZ &#8211;Q.E.P.D.&#8211;: Falleci\u00f3 en Tornquist el 24 de Mayo de\u00a02021 a\u00a0los 78 a\u00f1os de edad"},"content":{"rendered":"<div class=\"pf-content\"><p><span lang=\"ES-TRAD\">H\u00e9ctor Ra\u00fal SU\u00c1REZ &#8212;<\/span><span lang=\"ES-TRAD\">Q.E.P.D.&#8211;: Falleci\u00f3 en Tornquist el 24 de Mayo de\u00a0<u><\/u>2021 a<u><\/u>\u00a0los 78 a\u00f1os de edad. Sus hijos Daiana, Liliana y An\u00edbal SU\u00c1REZ. Sus hijos del coraz\u00f3n Alcides y Haroldo PASTOR; Pedro L\u00d3PEZ; Dar\u00edo, Rub\u00e9n, Patricia, Gonzalo, Sebasti\u00e1n, Cristian y Braian REGUEIRA. Sus nietos y nietos del coraz\u00f3n. Sus nietos pol\u00edticos y bisnietos. Sus hermanos Hermenegildo, Alicia, Esther, Nelly y Lidia SU\u00c1REZ. Sus hermanos pol\u00edticos, sobrinos, primos, amistades y dem\u00e1s deudos participan su deceso y comunican que sus restos fueron inhumados en la necr\u00f3polis de nuestra localidad. Casa de duelo Doctor Castro 738, Tornquist. Servicio a cargo de\u00a0<u><\/u>la Cooperativa El\u00e9ctrica<u><\/u>\u00a0Limitada de Tornquist.<u><\/u>\u00a0<\/span><\/p>\n<\/div>","protected":false},"excerpt":{"rendered":"<p>H\u00e9ctor Ra\u00fal SU\u00c1REZ &#8212;Q.E.P.D.&#8211;: Falleci\u00f3 en Tornquist el 24 de Mayo de\u00a02021 a\u00a0los 78 a\u00f1os de edad. Sus hijos Daiana, Liliana y An\u00edbal SU\u00c1REZ. Sus hijos del coraz\u00f3n Alcides y Haroldo PASTOR; Pedro L\u00d3PEZ; Dar\u00edo, Rub\u00e9n, Patricia, Gonzalo, Sebasti\u00e1n, Cristian y Braian REGUEIRA. Sus nietos y nietos del coraz\u00f3n. Sus nietos pol\u00edticos y bisnietos. Sus [&hellip;]<\/p>\n","protected":false},"author":2,"featured_media":3492,"comment_status":"open","ping_status":"open","sticky":false,"template":"","format":"standard","meta":[],"categories":[44],"tags":[129],"_links":{"self":[{"href":"https:\/\/observadorserrano.com.ar\/index.php?rest_route=\/wp\/v2\/posts\/3517"}],"collection":[{"href":"https:\/\/observadorserrano.com.ar\/index.php?rest_route=\/wp\/v2\/posts"}],"about":[{"href":"https:\/\/observadorserrano.com.ar\/index.php?rest_route=\/wp\/v2\/types\/post"}],"author":[{"embeddable":true,"href":"https:\/\/observadorserrano.com.ar\/index.php?rest_route=\/wp\/v2\/users\/2"}],"replies":[{"embeddable":true,"href":"https:\/\/observadorserrano.com.ar\/index.php?rest_route=%2Fwp%2Fv2%2Fcomments&post=3517"}],"version-history":[{"count":1,"href":"https:\/\/observadorserrano.com.ar\/index.php?rest_route=\/wp\/v2\/posts\/3517\/revisions"}],"predecessor-version":[{"id":3518,"href":"https:\/\/observadorserrano.com.ar\/index.php?rest_route=\/wp\/v2\/posts\/3517\/revisions\/3518"}],"wp:featuredmedia":[{"embeddable":true,"href":"https:\/\/observadorserrano.com.ar\/index.php?rest_route=\/wp\/v2\/media\/3492"}],"wp:attachment":[{"href":"https:\/\/observadorserrano.com.ar\/index.php?rest_route=%2Fwp%2Fv2%2Fmedia&parent=3517"}],"wp:term":[{"taxonomy":"category","embeddable":true,"href":"https:\/\/observadorserrano.com.ar\/index.php?rest_route=%2Fwp%2Fv2%2Fcategories&post=3517"},{"taxonomy":"post_tag","embeddable":true,"href":"https:\/\/observadorserrano.com.ar\/index.php?rest_route=%2Fwp%2Fv2%2Ftags&post=3517"}],"curies":[{"name":"wp","href":"https:\/\/api.w.org\/{rel}","templated":true}]}}