{"id":3519,"date":"2021-05-25T00:41:28","date_gmt":"2021-05-25T03:41:28","guid":{"rendered":"https:\/\/observadorserrano.com.ar\/?p=3519"},"modified":"2021-05-25T00:41:28","modified_gmt":"2021-05-25T03:41:28","slug":"mensaje-del-hcd-en-un-nuevo-aniversario-de-la-gesta-de-mayo","status":"publish","type":"post","link":"https:\/\/observadorserrano.com.ar\/?p=3519","title":{"rendered":"Mensaje del HCD. en un nuevo aniversario de la \u201cGesta de Mayo\u201d"},"content":{"rendered":"<div class=\"pf-content\"><h4>Hace 211 a\u00f1os se conform\u00f3 el primer Gobierno criollo en el Cabildo de Bs. As., en consecuencia de la Revoluci\u00f3n de Mayo, el 25 de mayo de 1810, fecha considerada como un hito fundamental en el camino hacia la Independencia de nuestro pa\u00eds.<\/h4>\n<h4>Con aquella revoluci\u00f3n encontramos los or\u00edgenes de nuestra naci\u00f3n, cuando un grupo de personas se comprometi\u00f3 y puj\u00f3 por conformar un pa\u00eds libre para este territorio.<\/h4>\n<h4>Seamos ciudadanos reflexivos y activos al hacer uso de nuestra libertad. Unamos nuestras voces, nuestro trabajo, nuestras convicciones y nuestros ideales para conseguir y construir el pa\u00eds que queremos.<\/h4>\n<h4>Este es el mensaje del Honorable Concejo Deliberante de Tornquist\u00a0 y de todos sus integrantes, al celebrarse\u00a0 un nuevo\u00a0 aniversario de la \u201cGesta de Mayo\u201d.<\/h4>\n<p><img loading=\"lazy\" class=\"alignnone wp-image-3520 size-jnews-750x375\" src=\"https:\/\/observadorserrano.com.ar\/wp-content\/uploads\/2021\/05\/DIA-DE-LA-PATRIA-750x375.jpg\" alt=\"\" width=\"750\" height=\"375\" srcset=\"https:\/\/observadorserrano.com.ar\/wp-content\/uploads\/2021\/05\/DIA-DE-LA-PATRIA-750x375.jpg 750w, https:\/\/observadorserrano.com.ar\/wp-content\/uploads\/2021\/05\/DIA-DE-LA-PATRIA-360x180.jpg 360w\" sizes=\"(max-width: 750px) 100vw, 750px\" \/><\/p>\n<\/div>","protected":false},"excerpt":{"rendered":"<p>Hace 211 a\u00f1os se conform\u00f3 el primer Gobierno criollo en el Cabildo de Bs. As., en consecuencia de la Revoluci\u00f3n de Mayo, el 25 de mayo de 1810, fecha considerada como un hito fundamental en el camino hacia la Independencia de nuestro pa\u00eds. Con aquella revoluci\u00f3n encontramos los or\u00edgenes de nuestra naci\u00f3n, cuando un grupo [&hellip;]<\/p>\n","protected":false},"author":2,"featured_media":3521,"comment_status":"open","ping_status":"open","sticky":false,"template":"","format":"standard","meta":[],"categories":[18,43],"tags":[838],"_links":{"self":[{"href":"https:\/\/observadorserrano.com.ar\/index.php?rest_route=\/wp\/v2\/posts\/3519"}],"collection":[{"href":"https:\/\/observadorserrano.com.ar\/index.php?rest_route=\/wp\/v2\/posts"}],"about":[{"href":"https:\/\/observadorserrano.com.ar\/index.php?rest_route=\/wp\/v2\/types\/post"}],"author":[{"embeddable":true,"href":"https:\/\/observadorserrano.com.ar\/index.php?rest_route=\/wp\/v2\/users\/2"}],"replies":[{"embeddable":true,"href":"https:\/\/observadorserrano.com.ar\/index.php?rest_route=%2Fwp%2Fv2%2Fcomments&post=3519"}],"version-history":[{"count":1,"href":"https:\/\/observadorserrano.com.ar\/index.php?rest_route=\/wp\/v2\/posts\/3519\/revisions"}],"predecessor-version":[{"id":3522,"href":"https:\/\/observadorserrano.com.ar\/index.php?rest_route=\/wp\/v2\/posts\/3519\/revisions\/3522"}],"wp:featuredmedia":[{"embeddable":true,"href":"https:\/\/observadorserrano.com.ar\/index.php?rest_route=\/wp\/v2\/media\/3521"}],"wp:attachment":[{"href":"https:\/\/observadorserrano.com.ar\/index.php?rest_route=%2Fwp%2Fv2%2Fmedia&parent=3519"}],"wp:term":[{"taxonomy":"category","embeddable":true,"href":"https:\/\/observadorserrano.com.ar\/index.php?rest_route=%2Fwp%2Fv2%2Fcategories&post=3519"},{"taxonomy":"post_tag","embeddable":true,"href":"https:\/\/observadorserrano.com.ar\/index.php?rest_route=%2Fwp%2Fv2%2Ftags&post=3519"}],"curies":[{"name":"wp","href":"https:\/\/api.w.org\/{rel}","templated":true}]}}