{"id":3523,"date":"2021-05-25T11:13:27","date_gmt":"2021-05-25T14:13:27","guid":{"rendered":"https:\/\/observadorserrano.com.ar\/?p=3523"},"modified":"2021-05-25T11:14:07","modified_gmt":"2021-05-25T14:14:07","slug":"el-partido-justicialista-adhiere-a-la-conmemoracion-de-la-gesta-de-mayo","status":"publish","type":"post","link":"https:\/\/observadorserrano.com.ar\/?p=3523","title":{"rendered":"El Partido Justicialista adhiere a la conmemoraci\u00f3n de la Gesta de Mayo"},"content":{"rendered":"<div class=\"pf-content\"><h4><strong><u>SALUTACI\u00d3N 25 DE MAYO<\/u><\/strong><\/h4>\n<h4>En un nuevo aniversario del nacimiento de nuestra patria, el Partido Justicialista de Tornquist adhiere a la conmemoraci\u00f3n de tan significativo d\u00eda que marc\u00f3 el logro de nuestra independencia y el fortalecimiento hacia la consolidaci\u00f3n de nuestra Naci\u00f3n Argentina.<\/h4>\n<h4>Es nuestro deseo que en estos tiempos sigamos construyendo y fortaleciendo el v\u00ednculo institucional y social que necesitamos\u00a0 para lograr un pa\u00eds libre, justo y soberano.<\/h4>\n<p>&nbsp;<\/p>\n<p><img loading=\"lazy\" class=\"alignnone wp-image-3524 size-jnews-1140x570\" src=\"https:\/\/observadorserrano.com.ar\/wp-content\/uploads\/2021\/05\/189976781_3926089834111769_355207126672451663_n.jpg\" alt=\"\" width=\"526\" height=\"526\" srcset=\"https:\/\/observadorserrano.com.ar\/wp-content\/uploads\/2021\/05\/189976781_3926089834111769_355207126672451663_n.jpg 526w, https:\/\/observadorserrano.com.ar\/wp-content\/uploads\/2021\/05\/189976781_3926089834111769_355207126672451663_n-150x150.jpg 150w, https:\/\/observadorserrano.com.ar\/wp-content\/uploads\/2021\/05\/189976781_3926089834111769_355207126672451663_n-300x300.jpg 300w, https:\/\/observadorserrano.com.ar\/wp-content\/uploads\/2021\/05\/189976781_3926089834111769_355207126672451663_n-350x350.jpg 350w, https:\/\/observadorserrano.com.ar\/wp-content\/uploads\/2021\/05\/189976781_3926089834111769_355207126672451663_n-75x75.jpg 75w\" sizes=\"(max-width: 526px) 100vw, 526px\" \/><\/p>\n<h4 class=\"wp-block-image size-large\"><\/h4>\n<\/div>","protected":false},"excerpt":{"rendered":"<p>SALUTACI\u00d3N 25 DE MAYO En un nuevo aniversario del nacimiento de nuestra patria, el Partido Justicialista de Tornquist adhiere a la conmemoraci\u00f3n de tan significativo d\u00eda que marc\u00f3 el logro de nuestra independencia y el fortalecimiento hacia la consolidaci\u00f3n de nuestra Naci\u00f3n Argentina. Es nuestro deseo que en estos tiempos sigamos construyendo y fortaleciendo el [&hellip;]<\/p>\n","protected":false},"author":2,"featured_media":3524,"comment_status":"open","ping_status":"open","sticky":false,"template":"","format":"standard","meta":[],"categories":[18,19,43,11],"tags":[839],"_links":{"self":[{"href":"https:\/\/observadorserrano.com.ar\/index.php?rest_route=\/wp\/v2\/posts\/3523"}],"collection":[{"href":"https:\/\/observadorserrano.com.ar\/index.php?rest_route=\/wp\/v2\/posts"}],"about":[{"href":"https:\/\/observadorserrano.com.ar\/index.php?rest_route=\/wp\/v2\/types\/post"}],"author":[{"embeddable":true,"href":"https:\/\/observadorserrano.com.ar\/index.php?rest_route=\/wp\/v2\/users\/2"}],"replies":[{"embeddable":true,"href":"https:\/\/observadorserrano.com.ar\/index.php?rest_route=%2Fwp%2Fv2%2Fcomments&post=3523"}],"version-history":[{"count":1,"href":"https:\/\/observadorserrano.com.ar\/index.php?rest_route=\/wp\/v2\/posts\/3523\/revisions"}],"predecessor-version":[{"id":3525,"href":"https:\/\/observadorserrano.com.ar\/index.php?rest_route=\/wp\/v2\/posts\/3523\/revisions\/3525"}],"wp:featuredmedia":[{"embeddable":true,"href":"https:\/\/observadorserrano.com.ar\/index.php?rest_route=\/wp\/v2\/media\/3524"}],"wp:attachment":[{"href":"https:\/\/observadorserrano.com.ar\/index.php?rest_route=%2Fwp%2Fv2%2Fmedia&parent=3523"}],"wp:term":[{"taxonomy":"category","embeddable":true,"href":"https:\/\/observadorserrano.com.ar\/index.php?rest_route=%2Fwp%2Fv2%2Fcategories&post=3523"},{"taxonomy":"post_tag","embeddable":true,"href":"https:\/\/observadorserrano.com.ar\/index.php?rest_route=%2Fwp%2Fv2%2Ftags&post=3523"}],"curies":[{"name":"wp","href":"https:\/\/api.w.org\/{rel}","templated":true}]}}