{"id":3538,"date":"2021-05-25T19:47:33","date_gmt":"2021-05-25T22:47:33","guid":{"rendered":"https:\/\/observadorserrano.com.ar\/?p=3538"},"modified":"2021-05-25T19:47:33","modified_gmt":"2021-05-25T22:47:33","slug":"chocaron-dos-vehiculos-uno-subio-a-la-vereda-y-termino-su-marcha-contra-un-poste-de-cemento-fotos-y-video-de-celttv-noticias","status":"publish","type":"post","link":"https:\/\/observadorserrano.com.ar\/?p=3538","title":{"rendered":"Chocaron dos veh\u00edculos, uno subi\u00f3 a la vereda y termin\u00f3 su marcha contra un poste de cemento (fotos y video de CELTTV Noticias)"},"content":{"rendered":"<div class=\"pf-content\"><h4>Alrededor de las 18:15 de esta tarde se escuch\u00f3 la sirena de los Bomberos Voluntarios de Tornquist que concurrieron con dos dotaciones a un accidente ocurrido en la intersecci\u00f3n de Uriburu y Rosa de Tornquist donde un Ford Fiesta (GLY997) conducido por Marcela Solis, que se dirigia por Rosa de Tornquist, impact\u00f3 a una camioneta VW Amarok, (AA011EC) que guiaba de Walter Maccari que transitaba por Calle Uriburu.<\/h4>\n<h4>Debido al impacto, el veh\u00edculo menor termin\u00f3 en la vereda e impactando contra una columna de cemento del tendido el\u00e9ctrico y con importantes da\u00f1os materiales.<\/h4>\n<h4>La conductora del rodado menor, que se encontraba consciente, hab\u00eda quedado atrapada en el habit\u00e1culo y fue rescatada por los Bomberos Voluntarios y trasladada al Hospital Municipal.<\/h4>\n<h4>Intervinieron Bomberos Voluntarios de Tornquist, personal policial y del cuerpo de inspectores y una ambulancia del SAME Tornquist.<\/h4>\n<p><img loading=\"lazy\" class=\"alignnone wp-image-3539 size-large\" src=\"https:\/\/observadorserrano.com.ar\/wp-content\/uploads\/2021\/05\/ACCI-1.jpg\" alt=\"\" width=\"748\" height=\"448\" srcset=\"https:\/\/observadorserrano.com.ar\/wp-content\/uploads\/2021\/05\/ACCI-1.jpg 748w, https:\/\/observadorserrano.com.ar\/wp-content\/uploads\/2021\/05\/ACCI-1-300x180.jpg 300w, https:\/\/observadorserrano.com.ar\/wp-content\/uploads\/2021\/05\/ACCI-1-584x350.jpg 584w, https:\/\/observadorserrano.com.ar\/wp-content\/uploads\/2021\/05\/ACCI-1-501x300.jpg 501w\" sizes=\"(max-width: 748px) 100vw, 748px\" \/> <img loading=\"lazy\" class=\"alignnone wp-image-3540 size-large\" src=\"https:\/\/observadorserrano.com.ar\/wp-content\/uploads\/2021\/05\/ACCI-2.jpg\" alt=\"\" width=\"764\" height=\"428\" srcset=\"https:\/\/observadorserrano.com.ar\/wp-content\/uploads\/2021\/05\/ACCI-2.jpg 764w, https:\/\/observadorserrano.com.ar\/wp-content\/uploads\/2021\/05\/ACCI-2-300x168.jpg 300w, https:\/\/observadorserrano.com.ar\/wp-content\/uploads\/2021\/05\/ACCI-2-625x350.jpg 625w, https:\/\/observadorserrano.com.ar\/wp-content\/uploads\/2021\/05\/ACCI-2-536x300.jpg 536w, https:\/\/observadorserrano.com.ar\/wp-content\/uploads\/2021\/05\/ACCI-2-750x420.jpg 750w\" sizes=\"(max-width: 764px) 100vw, 764px\" \/> <img loading=\"lazy\" class=\"alignnone wp-image-3541 size-large\" src=\"https:\/\/observadorserrano.com.ar\/wp-content\/uploads\/2021\/05\/ACCI-3.jpg\" alt=\"\" width=\"720\" height=\"436\" srcset=\"https:\/\/observadorserrano.com.ar\/wp-content\/uploads\/2021\/05\/ACCI-3.jpg 720w, https:\/\/observadorserrano.com.ar\/wp-content\/uploads\/2021\/05\/ACCI-3-300x182.jpg 300w, https:\/\/observadorserrano.com.ar\/wp-content\/uploads\/2021\/05\/ACCI-3-578x350.jpg 578w, https:\/\/observadorserrano.com.ar\/wp-content\/uploads\/2021\/05\/ACCI-3-495x300.jpg 495w\" sizes=\"(max-width: 720px) 100vw, 720px\" \/> <img loading=\"lazy\" class=\"alignnone wp-image-3542 size-large\" src=\"https:\/\/observadorserrano.com.ar\/wp-content\/uploads\/2021\/05\/ACCI-4.jpg\" alt=\"\" width=\"648\" height=\"396\" srcset=\"https:\/\/observadorserrano.com.ar\/wp-content\/uploads\/2021\/05\/ACCI-4.jpg 648w, https:\/\/observadorserrano.com.ar\/wp-content\/uploads\/2021\/05\/ACCI-4-300x183.jpg 300w, https:\/\/observadorserrano.com.ar\/wp-content\/uploads\/2021\/05\/ACCI-4-573x350.jpg 573w, https:\/\/observadorserrano.com.ar\/wp-content\/uploads\/2021\/05\/ACCI-4-491x300.jpg 491w, https:\/\/observadorserrano.com.ar\/wp-content\/uploads\/2021\/05\/ACCI-4-310x190.jpg 310w\" sizes=\"(max-width: 648px) 100vw, 648px\" \/><\/p>\n<div class=\"jeg_video_container jeg_video_content\"><iframe loading=\"lazy\" title=\"2021 05 25 ACCIDENTE\" width=\"500\" height=\"281\" src=\"https:\/\/www.youtube.com\/embed\/Vs3U_UktBz4?feature=oembed\" frameborder=\"0\" allow=\"accelerometer; autoplay; clipboard-write; encrypted-media; gyroscope; picture-in-picture\" allowfullscreen><\/iframe><\/div>\n<\/div>","protected":false},"excerpt":{"rendered":"<p>Alrededor de las 18:15 de esta tarde se escuch\u00f3 la sirena de los Bomberos Voluntarios de Tornquist que concurrieron con dos dotaciones a un accidente ocurrido en la intersecci\u00f3n de Uriburu y Rosa de Tornquist donde un Ford Fiesta (GLY997) conducido por Marcela Solis, que se dirigia por Rosa de Tornquist, impact\u00f3 a una camioneta [&hellip;]<\/p>\n","protected":false},"author":2,"featured_media":3540,"comment_status":"open","ping_status":"open","sticky":false,"template":"","format":"standard","meta":[],"categories":[18,43,7],"tags":[843],"_links":{"self":[{"href":"https:\/\/observadorserrano.com.ar\/index.php?rest_route=\/wp\/v2\/posts\/3538"}],"collection":[{"href":"https:\/\/observadorserrano.com.ar\/index.php?rest_route=\/wp\/v2\/posts"}],"about":[{"href":"https:\/\/observadorserrano.com.ar\/index.php?rest_route=\/wp\/v2\/types\/post"}],"author":[{"embeddable":true,"href":"https:\/\/observadorserrano.com.ar\/index.php?rest_route=\/wp\/v2\/users\/2"}],"replies":[{"embeddable":true,"href":"https:\/\/observadorserrano.com.ar\/index.php?rest_route=%2Fwp%2Fv2%2Fcomments&post=3538"}],"version-history":[{"count":1,"href":"https:\/\/observadorserrano.com.ar\/index.php?rest_route=\/wp\/v2\/posts\/3538\/revisions"}],"predecessor-version":[{"id":3543,"href":"https:\/\/observadorserrano.com.ar\/index.php?rest_route=\/wp\/v2\/posts\/3538\/revisions\/3543"}],"wp:featuredmedia":[{"embeddable":true,"href":"https:\/\/observadorserrano.com.ar\/index.php?rest_route=\/wp\/v2\/media\/3540"}],"wp:attachment":[{"href":"https:\/\/observadorserrano.com.ar\/index.php?rest_route=%2Fwp%2Fv2%2Fmedia&parent=3538"}],"wp:term":[{"taxonomy":"category","embeddable":true,"href":"https:\/\/observadorserrano.com.ar\/index.php?rest_route=%2Fwp%2Fv2%2Fcategories&post=3538"},{"taxonomy":"post_tag","embeddable":true,"href":"https:\/\/observadorserrano.com.ar\/index.php?rest_route=%2Fwp%2Fv2%2Ftags&post=3538"}],"curies":[{"name":"wp","href":"https:\/\/api.w.org\/{rel}","templated":true}]}}