{"id":3712,"date":"2021-06-04T18:10:52","date_gmt":"2021-06-04T21:10:52","guid":{"rendered":"https:\/\/observadorserrano.com.ar\/?p=3712"},"modified":"2021-06-04T18:10:52","modified_gmt":"2021-06-04T21:10:52","slug":"manana-realizaran-testeos-de-covid-19-en-el-hospital-municipal","status":"publish","type":"post","link":"https:\/\/observadorserrano.com.ar\/?p=3712","title":{"rendered":"Ma\u00f1ana realizar\u00e1n testeos de Covid-19 en el Hospital Municipal"},"content":{"rendered":"<div class=\"pf-content\"><h4><strong>S\u00e1bado 5: realizar\u00e1n testeos de Covid-19 en el Hospital Municipal<\/strong><\/h4>\n<h4>La Secretar\u00eda de Salud Municipal informa que ma\u00f1ana s\u00e1bado 5 de junio, se realizar\u00e1n testeos en el Hospital Municipal \u201cDr.Alberto Castro\u201d, en el horario de 8 a 9.30hs.<\/h4>\n<h4>La medida responde a evitar la propagaci\u00f3n del virus en la localidad, y detectar de manera r\u00e1pida nuevos focos de contagio.<\/h4>\n<h4>Podr\u00e1n concurrir, al sector de guardia Covid, todas aquellas personas que tengan s\u00edntomas, preferentemente, los que hayan comenzado 48hs previas con los mismos.<\/h4>\n<\/div>","protected":false},"excerpt":{"rendered":"<p>S\u00e1bado 5: realizar\u00e1n testeos de Covid-19 en el Hospital Municipal La Secretar\u00eda de Salud Municipal informa que ma\u00f1ana s\u00e1bado 5 de junio, se realizar\u00e1n testeos en el Hospital Municipal \u201cDr.Alberto Castro\u201d, en el horario de 8 a 9.30hs. La medida responde a evitar la propagaci\u00f3n del virus en la localidad, y detectar de manera r\u00e1pida [&hellip;]<\/p>\n","protected":false},"author":2,"featured_media":3713,"comment_status":"open","ping_status":"open","sticky":false,"template":"","format":"standard","meta":[],"categories":[18,43,45,518],"tags":[875],"_links":{"self":[{"href":"https:\/\/observadorserrano.com.ar\/index.php?rest_route=\/wp\/v2\/posts\/3712"}],"collection":[{"href":"https:\/\/observadorserrano.com.ar\/index.php?rest_route=\/wp\/v2\/posts"}],"about":[{"href":"https:\/\/observadorserrano.com.ar\/index.php?rest_route=\/wp\/v2\/types\/post"}],"author":[{"embeddable":true,"href":"https:\/\/observadorserrano.com.ar\/index.php?rest_route=\/wp\/v2\/users\/2"}],"replies":[{"embeddable":true,"href":"https:\/\/observadorserrano.com.ar\/index.php?rest_route=%2Fwp%2Fv2%2Fcomments&post=3712"}],"version-history":[{"count":1,"href":"https:\/\/observadorserrano.com.ar\/index.php?rest_route=\/wp\/v2\/posts\/3712\/revisions"}],"predecessor-version":[{"id":3714,"href":"https:\/\/observadorserrano.com.ar\/index.php?rest_route=\/wp\/v2\/posts\/3712\/revisions\/3714"}],"wp:featuredmedia":[{"embeddable":true,"href":"https:\/\/observadorserrano.com.ar\/index.php?rest_route=\/wp\/v2\/media\/3713"}],"wp:attachment":[{"href":"https:\/\/observadorserrano.com.ar\/index.php?rest_route=%2Fwp%2Fv2%2Fmedia&parent=3712"}],"wp:term":[{"taxonomy":"category","embeddable":true,"href":"https:\/\/observadorserrano.com.ar\/index.php?rest_route=%2Fwp%2Fv2%2Fcategories&post=3712"},{"taxonomy":"post_tag","embeddable":true,"href":"https:\/\/observadorserrano.com.ar\/index.php?rest_route=%2Fwp%2Fv2%2Ftags&post=3712"}],"curies":[{"name":"wp","href":"https:\/\/api.w.org\/{rel}","templated":true}]}}