{"id":3829,"date":"2021-06-08T23:06:47","date_gmt":"2021-06-09T02:06:47","guid":{"rendered":"https:\/\/observadorserrano.com.ar\/?p=3829"},"modified":"2021-06-08T23:06:47","modified_gmt":"2021-06-09T02:06:47","slug":"la-liga-regional-de-futbol-cumple-hoy-100-anos-de-rica-historia","status":"publish","type":"post","link":"https:\/\/observadorserrano.com.ar\/?p=3829","title":{"rendered":"La Liga Regional de F\u00fatbol cumple hoy 100 a\u00f1os de rica historia"},"content":{"rendered":"<div class=\"pf-content\"><h4>La Liga Regional de F\u00fatbol, con sede en Las Heras 1.062 de Coronel Su\u00e1rez, cumple este martes 100 a\u00f1os de vida. Y lo hace con la actividad competitiva en una pausa, en el marco de un contexto impensado debido a la pandemia COVID-19 que afecta a todo el mundo.<\/h4>\n<h4>Fundada el 8 de junio de 1921 bajo la denominaci\u00f3n Liga Regional Deportiva, la que mantuvo hasta 1962 cuando en una asamblea se resolvi\u00f3 cambiarle el nombre, llega a este centenario de una manera impensada. Muy diferente a lo que se hubiera deseado e impedida de soplar las velitas.<\/h4>\n<h4>Muchas fueron las alternativas que se presentaron durante el largo camino recorrido por la LRF, desde el momento de su fundaci\u00f3n hasta nuestros d\u00edas.<\/h4>\n<h4>Con excepci\u00f3n de Blanco y Negro y Deportivo Sarmiento, \u00fanicas entidades que asistieron al alumbramiento de la instituci\u00f3n y hoy conservan su lugar, las restantes se alejaron paulatinamente.<\/h4>\n<h4>Aunque en cambio, llegaron otros clubes, no solamente del interior de nuestro distrito como Huanguel\u00e9n, los pueblos alemanes, Cascada y Pasman, sino de localidades m\u00e1s alejadas como Espartillar, General La Madrid, Arroyo Corto, Carhu\u00e9, Pig\u00fc\u00e9, Guamin\u00ed, Puan, Saavedra y Tornquist.<\/h4>\n<h4>A trav\u00e9s de la LRF, la actividad futbol\u00edstica fue tomando decidido impulso y los campeonatos de Primera divisi\u00f3n y categor\u00edas formativas, no s\u00f3lo le brindan la posibilidad de practicar este hermoso deporte a miles de j\u00f3venes, sino que se convierte en un espect\u00e1culo m\u00e1s que est\u00e1 al alcance de numerosos seguidores de Coronel Su\u00e1rez y la regi\u00f3n de influencia.<\/h4>\n<h4>El impulso y potencial alcanzado por nuestro f\u00fatbol, en el devenir de las distintas etapas, le permiti\u00f3 alcanzar un notable prestigio a trav\u00e9s de la actuaci\u00f3n de los seleccionados que, tanto en los campeonatos Argentinos o cotejos amistosos, consigui\u00f3 ser un adversario de fuste e inclusive alcanzar conquistas significativas, como aquella de 1985 cuando la selecci\u00f3n juvenil liguista obtuvo el Campeonato Provincial con un recordado equipo de notables jugadores, algunos de los cuales despu\u00e9s llegaron al f\u00fatbol profesional.<\/h4>\n<h4>Durante la vida de la LRF muchos fueron los inconvenientes ques e presentaron, pero en definitiva, como hecho positivo, prevaleci\u00f3 aquella semilla sembrada en 1921 y a 100 a\u00f1os de aquel suceso hist\u00f3rico para el f\u00fatbol lugare\u00f1o, flota la sensaci\u00f3n de que el sacrificio y esfuerzo de muchos dirigentes y colaboradores vali\u00f3 la pena.<\/h4>\n<h4>La fundaci\u00f3n<\/h4>\n<h4>La sede del Centro Blanco y Negro fue el lugar de encuentro de los delegados que sentaron las bases para la constituci\u00f3n de una entidad que reuniera en su seno a los clubes que estaban dedicados a la pr\u00e1ctica del f\u00fatbol.<\/h4>\n<h4>La necesidad de terminar con esfuerzos que estaban dispersos hizo su eclosi\u00f3n y fue ungido el primer presidente, distinci\u00f3n que recay\u00f3 en el Sr. Pl\u00e1cido Barrios.<\/h4>\n<h4>Las instituciones que firmaron el acta fundacional fueron Sportivo Sarmiento, Club Atl\u00e9tico D\u2019Orbigny, Hurac\u00e1n, Rosario Puerto Belgrano, Atlanta Colina Club, Blanco y Negro y Deportivo Curumal\u00e1n.<\/h4>\n<h4>Acompa\u00f1aban a Barrios, Juan Marcovecchio, Miguel Furlong, Jos\u00e9 Codecido, Ra\u00fal Ducasse, Basilio Buz\u00f3n, Enrique Schmidt, A. Garc\u00eda y Pablo Buz\u00f3n.<\/h4>\n<h4>En realidad la primera autoridad de la Liga fue quien presidi\u00f3 la asamblea fundacional, tarea que le fue encomendada a Juan Varela, que eligi\u00f3 presidente a Pl\u00e1cido Barrios.<\/h4>\n<h4>Desde ese momento y hasta hoy la Liga Regional de F\u00fatbol se fue poblando de hechos de la m\u00e1s diversa \u00edndole, aunque siempre con el af\u00e1n de crecer, de mejorar y darle al f\u00fatbol un lugar de preponderancia.<\/h4>\n<h4>Finalidad que con sus m\u00e1s y sus menos fue logrado y no es el m\u00e9rito exclusivo de los presidentes o de los directivos del ente rector, sino que de la mano de todos los que tienen que ver con el deporte es que este creci\u00f3 y sigue creciendo.<\/h4>\n<h4>Jalones exitosos<\/h4>\n<h4>En vista que la denominaci\u00f3n de Liga Regional Deportiva no era la m\u00e1s adecuada \u2013aunque la idea inicial era abarcar distintos deportes\u2014ya que s\u00f3lo inclu\u00eda al f\u00fatbol, las entidades afiliadas decidieron en una asamblea realizada en 1962, cambiarle el nombre por el de Liga Regional de F\u00fatbol que luce hasta estos d\u00edas.<\/h4>\n<h4>Entre los hechos sobresalientes que marcan la vida de la LRF, adem\u00e1s de su labor amplia y exitosa en eventos deportivos, merece subrayarse la adquisici\u00f3n de la sede propia de Las Heras 1.062, en enero de 1964 y la obtenci\u00f3n de la personer\u00eda jur\u00eddica, ambos hitos conseguidos durante la presidencia de Alejandro Walter y los dirigentes que actuaron en el consejo directivo durante la d\u00e9cada del 60.<\/h4>\n<h4>En la actualidad, la Liga se encuentra afiliada al Consejo Federal de la AFA y se rige por las reglamentaciones y normas que emanan del ente rector m\u00e1ximo del f\u00fatbol argentino.<\/h4>\n<h4>La regi\u00f3n cuenta con una entidad plenamente consolidada e insertada en el espectro futbol\u00edstico bonaerense, que a pesar de los avatares econ\u00f3micos que afectan a vastos sectores de la sociedad, lucha con denuedo por el engrandecimiento de esa inexplicable pasi\u00f3n que es el f\u00fatbol.<\/h4>\n<h4><strong>Informe: Nuevo D\u00eda<\/strong><\/h4>\n<h4><strong>NOTA DE CELTTV NOTICIAS CON EL PRESIDENTE LIGUISTA ERNESTO PALENZONA<\/strong><\/h4>\n<div class=\"wp-block-embed__wrapper\"><iframe loading=\"lazy\" title=\"2021 06 08 COMUNICACI\u00d3N TELEFONICA CON ERNESTO PALENZONA\" src=\"https:\/\/www.youtube.com\/embed\/gd1hf1ZEP1I?feature=oembed\" width=\"870\" height=\"489\" frameborder=\"0\" allowfullscreen=\"allowfullscreen\" data-mce-fragment=\"1\"><\/iframe><\/div>\n<h4 class=\"really_simple_share really_simple_share_large_button robots-nocontent snap_nopreview\"><\/h4>\n<\/div>","protected":false},"excerpt":{"rendered":"<p>La Liga Regional de F\u00fatbol, con sede en Las Heras 1.062 de Coronel Su\u00e1rez, cumple este martes 100 a\u00f1os de vida. Y lo hace con la actividad competitiva en una pausa, en el marco de un contexto impensado debido a la pandemia COVID-19 que afecta a todo el mundo. Fundada el 8 de junio de [&hellip;]<\/p>\n","protected":false},"author":2,"featured_media":3830,"comment_status":"open","ping_status":"open","sticky":false,"template":"","format":"standard","meta":[],"categories":[18,21,43],"tags":[892],"_links":{"self":[{"href":"https:\/\/observadorserrano.com.ar\/index.php?rest_route=\/wp\/v2\/posts\/3829"}],"collection":[{"href":"https:\/\/observadorserrano.com.ar\/index.php?rest_route=\/wp\/v2\/posts"}],"about":[{"href":"https:\/\/observadorserrano.com.ar\/index.php?rest_route=\/wp\/v2\/types\/post"}],"author":[{"embeddable":true,"href":"https:\/\/observadorserrano.com.ar\/index.php?rest_route=\/wp\/v2\/users\/2"}],"replies":[{"embeddable":true,"href":"https:\/\/observadorserrano.com.ar\/index.php?rest_route=%2Fwp%2Fv2%2Fcomments&post=3829"}],"version-history":[{"count":1,"href":"https:\/\/observadorserrano.com.ar\/index.php?rest_route=\/wp\/v2\/posts\/3829\/revisions"}],"predecessor-version":[{"id":3831,"href":"https:\/\/observadorserrano.com.ar\/index.php?rest_route=\/wp\/v2\/posts\/3829\/revisions\/3831"}],"wp:featuredmedia":[{"embeddable":true,"href":"https:\/\/observadorserrano.com.ar\/index.php?rest_route=\/wp\/v2\/media\/3830"}],"wp:attachment":[{"href":"https:\/\/observadorserrano.com.ar\/index.php?rest_route=%2Fwp%2Fv2%2Fmedia&parent=3829"}],"wp:term":[{"taxonomy":"category","embeddable":true,"href":"https:\/\/observadorserrano.com.ar\/index.php?rest_route=%2Fwp%2Fv2%2Fcategories&post=3829"},{"taxonomy":"post_tag","embeddable":true,"href":"https:\/\/observadorserrano.com.ar\/index.php?rest_route=%2Fwp%2Fv2%2Ftags&post=3829"}],"curies":[{"name":"wp","href":"https:\/\/api.w.org\/{rel}","templated":true}]}}