{"id":3865,"date":"2021-06-11T22:09:14","date_gmt":"2021-06-12T01:09:14","guid":{"rendered":"https:\/\/observadorserrano.com.ar\/?p=3865"},"modified":"2021-06-11T22:10:18","modified_gmt":"2021-06-12T01:10:18","slug":"esto-no-es-una-alianza-electoral-sino-trabajar-para-la-gente","status":"publish","type":"post","link":"https:\/\/observadorserrano.com.ar\/?p=3865","title":{"rendered":"Gustavo Trankels \u201cEsto no es una alianza electoral, sino trabajar para la gente\u201d"},"content":{"rendered":"<div class=\"pf-content\"><h4><strong>Se aceleran los trabajos en la obra de la Ruta 33<\/strong><\/h4>\n<h4>\u201cNormalizamos la cuesti\u00f3n econ\u00f3mica, lo que ha dado una fluidez para que las obras tengan un mayor despliegue y abrir m\u00e1s frentes de trabajo para ganar tiempo\u201d<\/h4>\n<h4>\u201cCuando recorres desde Tornquist a Bah\u00eda Blanca podes observar que cuatro de los cinco puentes ya hay cuatro que tienen las vigas montadas y varios de ellos ya tienen las losas hormigonadas\u201d<\/h4>\n<h4>\u201cTenemos varios frentes y han llegado varios equipos de trabajo. Hay diversas tareas por toda la regi\u00f3n\u201d<\/h4>\n<h4>\u201cEstas obras no solamente le mejoran la calidad de vida a la gente teniendo mejores rutas, sino que tambi\u00e9n les genera trabajo\u201d<\/h4>\n<h4><strong>El plazo de obra de la ruta estimado es de dos a\u00f1os<\/strong><\/h4>\n<h4>\u201cEs un plazo prudencial tirando a r\u00e1pido. Nosotros mantenemos un ritmo de obra que a veces te lo permiten las cuestiones clim\u00e1ticas y a veces no\u201d<\/h4>\n<h4>\u201cDentro de todo la idea es mantener el ritmo para poder concretar la obra en los pr\u00f3ximos dos a\u00f1os\u201d<\/h4>\n<h4><strong>La Ley de Zona y la reducci\u00f3n de las tarifas de gas<\/strong><\/h4>\n<h4>\u201cEste es un proyecto de ley que lo que nos va a permitir es un descuento muy importante en el metro c\u00fabico de gas natural\u201d<\/h4>\n<h4>\u201cEst\u00e1 todo encaminado para que esto se transforme en ley y se efectivice un beneficio para los vecinos, que ser\u00e1 un acto de justicia\u201d<\/h4>\n<h4>La reuni\u00f3n mantenida con el Intendente Sergio Bordoni<\/h4>\n<h4>\u201cNosotros somos vecinos, y como torquinstenses queremos lo mejor para nuestro pueblo\u201d<\/h4>\n<h4>\u201cSi bien a m\u00ed me toca ocupar un cargo a nivel nacional en este momento, todo lo que pueda conseguir para Tornquist lo voy a hacer. El intendente eso lo sabe y estamos de acuerdo en algunas obras que el necesita que le de una mano en la gesti\u00f3n\u201d<\/h4>\n<h4>\u201cM\u00e1s all\u00e1 de que alguno pueda hacer una especulaci\u00f3n pol\u00edtica yo quiero lo mejor para mi pueblo\u201d<\/h4>\n<h4>\u201cNosotros no miramos el color pol\u00edtico, sino que podemos hacer para mejorar la calidad de vida de la gente. Desde mi lugar en vialidad y los contactos que uno pueda tener en la provincia y naci\u00f3n voy a articular en lo que pueda para dar una mano\u201d<\/h4>\n<h4><strong><em>\u201cEsto no es una alianza electoral, sino trabajar juntos por la gente\u201d aclar\u00f3 Gustavo Trankels<\/em><\/strong><\/h4>\n<h4>\u201cTenemos propuestas de gobierno distintas, pero hoy tenemos una responsabilidad como vecinos de salir adelante. Quiero estar a la altura de las circunstancias y por eso estoy ac\u00e1, hemos conversado con el intendente y vamos para adelante, queremos trabajar\u201d<\/h4>\n<h4><\/h4>\n<\/div>","protected":false},"excerpt":{"rendered":"<p>Se aceleran los trabajos en la obra de la Ruta 33 \u201cNormalizamos la cuesti\u00f3n econ\u00f3mica, lo que ha dado una fluidez para que las obras tengan un mayor despliegue y abrir m\u00e1s frentes de trabajo para ganar tiempo\u201d \u201cCuando recorres desde Tornquist a Bah\u00eda Blanca podes observar que cuatro de los cinco puentes ya hay [&hellip;]<\/p>\n","protected":false},"author":2,"featured_media":3866,"comment_status":"open","ping_status":"open","sticky":false,"template":"","format":"standard","meta":[],"categories":[18,43,11],"tags":[899],"_links":{"self":[{"href":"https:\/\/observadorserrano.com.ar\/index.php?rest_route=\/wp\/v2\/posts\/3865"}],"collection":[{"href":"https:\/\/observadorserrano.com.ar\/index.php?rest_route=\/wp\/v2\/posts"}],"about":[{"href":"https:\/\/observadorserrano.com.ar\/index.php?rest_route=\/wp\/v2\/types\/post"}],"author":[{"embeddable":true,"href":"https:\/\/observadorserrano.com.ar\/index.php?rest_route=\/wp\/v2\/users\/2"}],"replies":[{"embeddable":true,"href":"https:\/\/observadorserrano.com.ar\/index.php?rest_route=%2Fwp%2Fv2%2Fcomments&post=3865"}],"version-history":[{"count":2,"href":"https:\/\/observadorserrano.com.ar\/index.php?rest_route=\/wp\/v2\/posts\/3865\/revisions"}],"predecessor-version":[{"id":3868,"href":"https:\/\/observadorserrano.com.ar\/index.php?rest_route=\/wp\/v2\/posts\/3865\/revisions\/3868"}],"wp:featuredmedia":[{"embeddable":true,"href":"https:\/\/observadorserrano.com.ar\/index.php?rest_route=\/wp\/v2\/media\/3866"}],"wp:attachment":[{"href":"https:\/\/observadorserrano.com.ar\/index.php?rest_route=%2Fwp%2Fv2%2Fmedia&parent=3865"}],"wp:term":[{"taxonomy":"category","embeddable":true,"href":"https:\/\/observadorserrano.com.ar\/index.php?rest_route=%2Fwp%2Fv2%2Fcategories&post=3865"},{"taxonomy":"post_tag","embeddable":true,"href":"https:\/\/observadorserrano.com.ar\/index.php?rest_route=%2Fwp%2Fv2%2Ftags&post=3865"}],"curies":[{"name":"wp","href":"https:\/\/api.w.org\/{rel}","templated":true}]}}