{"id":4361,"date":"2021-07-20T18:10:14","date_gmt":"2021-07-20T21:10:14","guid":{"rendered":"https:\/\/observadorserrano.com.ar\/?p=4361"},"modified":"2021-07-20T18:10:14","modified_gmt":"2021-07-20T21:10:14","slug":"saavedra-kicillof-recorrio-obras-de-viviendas-en-pigue","status":"publish","type":"post","link":"https:\/\/observadorserrano.com.ar\/?p=4361","title":{"rendered":"SAAVEDRA Kicillof recorri\u00f3 obras de viviendas en Pig\u00fc\u00e9"},"content":{"rendered":"<div class=\"pf-content\"><a href=\"https:\/\/observadorserrano.com.ar\/wp-content\/uploads\/2021\/07\/visita-Gobernador-a-Pigue.pdf\" class=\"pdfemb-viewer\" style=\"\" data-width=\"max\" data-height=\"max\"  data-toolbar=\"both\" data-toolbar-fixed=\"on\">visita Gobernador a Pigue<br\/><\/a>\n<\/div>","protected":false},"excerpt":{"rendered":"visita Gobernador a Pigue","protected":false},"author":2,"featured_media":4363,"comment_status":"open","ping_status":"open","sticky":false,"template":"","format":"standard","meta":[],"categories":[18,43],"tags":[1000],"_links":{"self":[{"href":"https:\/\/observadorserrano.com.ar\/index.php?rest_route=\/wp\/v2\/posts\/4361"}],"collection":[{"href":"https:\/\/observadorserrano.com.ar\/index.php?rest_route=\/wp\/v2\/posts"}],"about":[{"href":"https:\/\/observadorserrano.com.ar\/index.php?rest_route=\/wp\/v2\/types\/post"}],"author":[{"embeddable":true,"href":"https:\/\/observadorserrano.com.ar\/index.php?rest_route=\/wp\/v2\/users\/2"}],"replies":[{"embeddable":true,"href":"https:\/\/observadorserrano.com.ar\/index.php?rest_route=%2Fwp%2Fv2%2Fcomments&post=4361"}],"version-history":[{"count":1,"href":"https:\/\/observadorserrano.com.ar\/index.php?rest_route=\/wp\/v2\/posts\/4361\/revisions"}],"predecessor-version":[{"id":4364,"href":"https:\/\/observadorserrano.com.ar\/index.php?rest_route=\/wp\/v2\/posts\/4361\/revisions\/4364"}],"wp:featuredmedia":[{"embeddable":true,"href":"https:\/\/observadorserrano.com.ar\/index.php?rest_route=\/wp\/v2\/media\/4363"}],"wp:attachment":[{"href":"https:\/\/observadorserrano.com.ar\/index.php?rest_route=%2Fwp%2Fv2%2Fmedia&parent=4361"}],"wp:term":[{"taxonomy":"category","embeddable":true,"href":"https:\/\/observadorserrano.com.ar\/index.php?rest_route=%2Fwp%2Fv2%2Fcategories&post=4361"},{"taxonomy":"post_tag","embeddable":true,"href":"https:\/\/observadorserrano.com.ar\/index.php?rest_route=%2Fwp%2Fv2%2Ftags&post=4361"}],"curies":[{"name":"wp","href":"https:\/\/api.w.org\/{rel}","templated":true}]}}