{"id":4375,"date":"2021-07-21T20:58:07","date_gmt":"2021-07-21T23:58:07","guid":{"rendered":"https:\/\/observadorserrano.com.ar\/?p=4375"},"modified":"2021-07-21T20:58:07","modified_gmt":"2021-07-21T23:58:07","slug":"mateo-toy-jugara-en-huracan-de-parque-patricios","status":"publish","type":"post","link":"https:\/\/observadorserrano.com.ar\/?p=4375","title":{"rendered":"Mateo Toy jugar\u00e1 en Hurac\u00e1n de Parque Patricios"},"content":{"rendered":"<div class=\"pf-content\"><h4>\u00a0Las inferiores de Automoto siguen brindado satisfacciones. En las \u00faltimas horas se confirm\u00f3 que Mateo Toy, jugador categor\u00eda 2007, continuar\u00e1 su carrera deportiva en Hurac\u00e1n de Parque Patricios, despu\u00e9s de haber sido seleccionado durante una serie de pruebas que le efectuaron en los \u00faltimos meses.<\/h4>\n<h4>\u00a0\u00a0 El mediocampista estuvo entrenando hace algunos d\u00edas en el predio que la entidad posee en La Quemita y la pr\u00f3xima semana se sumar\u00e1 al plantel de su categor\u00eda que juega en el torneo de inferiores de AFA.<\/h4>\n<h4>\u00a0\u00a0 De esta manera, Mateo es el segundo jugador azulgrana en pasar a un club de AFA durante el presente a\u00f1o, despu\u00e9s de que Tom\u00e1s Fuhr fuera incorporado por Estudiantes de La Plata en marzo pasado.<\/h4>\n<h4>\u00a0\u00a0 Sin dudas, esta noticia no hace m\u00e1s que enorgullecer enormemente a todos los que formamos la familia azulgrana y confirma el rumbo del trabajo que se viene llevando a cabo en las formativas de la instituci\u00f3n.<\/h4>\n<h4>\u00a0\u00a0 \u00a1Felicitaciones y \u00e9xitos Mateo!<\/h4>\n<h4>Departamento de Prensa \u2013 Automoto Club Deportivo<\/h4>\n<h4>www.clubautomotopasion.com.ar<\/h4>\n<h4>Facebook: \/automototornquist<\/h4>\n<h4>Twitter: @ClubAutomoto<\/h4>\n<h4>YouTube: acdtvideos<\/h4>\n<\/div>","protected":false},"excerpt":{"rendered":"<p>\u00a0Las inferiores de Automoto siguen brindado satisfacciones. En las \u00faltimas horas se confirm\u00f3 que Mateo Toy, jugador categor\u00eda 2007, continuar\u00e1 su carrera deportiva en Hurac\u00e1n de Parque Patricios, despu\u00e9s de haber sido seleccionado durante una serie de pruebas que le efectuaron en los \u00faltimos meses. \u00a0\u00a0 El mediocampista estuvo entrenando hace algunos d\u00edas en el [&hellip;]<\/p>\n","protected":false},"author":2,"featured_media":4376,"comment_status":"open","ping_status":"open","sticky":false,"template":"","format":"standard","meta":[],"categories":[21,43],"tags":[1003],"_links":{"self":[{"href":"https:\/\/observadorserrano.com.ar\/index.php?rest_route=\/wp\/v2\/posts\/4375"}],"collection":[{"href":"https:\/\/observadorserrano.com.ar\/index.php?rest_route=\/wp\/v2\/posts"}],"about":[{"href":"https:\/\/observadorserrano.com.ar\/index.php?rest_route=\/wp\/v2\/types\/post"}],"author":[{"embeddable":true,"href":"https:\/\/observadorserrano.com.ar\/index.php?rest_route=\/wp\/v2\/users\/2"}],"replies":[{"embeddable":true,"href":"https:\/\/observadorserrano.com.ar\/index.php?rest_route=%2Fwp%2Fv2%2Fcomments&post=4375"}],"version-history":[{"count":1,"href":"https:\/\/observadorserrano.com.ar\/index.php?rest_route=\/wp\/v2\/posts\/4375\/revisions"}],"predecessor-version":[{"id":4377,"href":"https:\/\/observadorserrano.com.ar\/index.php?rest_route=\/wp\/v2\/posts\/4375\/revisions\/4377"}],"wp:featuredmedia":[{"embeddable":true,"href":"https:\/\/observadorserrano.com.ar\/index.php?rest_route=\/wp\/v2\/media\/4376"}],"wp:attachment":[{"href":"https:\/\/observadorserrano.com.ar\/index.php?rest_route=%2Fwp%2Fv2%2Fmedia&parent=4375"}],"wp:term":[{"taxonomy":"category","embeddable":true,"href":"https:\/\/observadorserrano.com.ar\/index.php?rest_route=%2Fwp%2Fv2%2Fcategories&post=4375"},{"taxonomy":"post_tag","embeddable":true,"href":"https:\/\/observadorserrano.com.ar\/index.php?rest_route=%2Fwp%2Fv2%2Ftags&post=4375"}],"curies":[{"name":"wp","href":"https:\/\/api.w.org\/{rel}","templated":true}]}}