{"id":4646,"date":"2021-08-20T16:56:05","date_gmt":"2021-08-20T19:56:05","guid":{"rendered":"https:\/\/observadorserrano.com.ar\/?p=4646"},"modified":"2021-08-20T16:56:05","modified_gmt":"2021-08-20T19:56:05","slug":"se-construira-en-tornquist-una-casa-de-la-provincia","status":"publish","type":"post","link":"https:\/\/observadorserrano.com.ar\/?p=4646","title":{"rendered":"Se construir\u00e1 en Tornquist una Casa de la Provincia"},"content":{"rendered":"<div class=\"pf-content\"><h4>El intendente Sergio Bordoni, particip\u00f3 este viernes por la ma\u00f1ana de la licitaci\u00f3n p\u00fablica realizada por el Ministerio de Infraestructura y Servicios P\u00fablicos para la construcci\u00f3n de una sede de la Casa de la Provincia en Tornquist.<\/h4>\n<h4>La futura dependencia provincial tiene como objetivo concentrar en un solo espacio todas las oficinas de los organismos bonaerenses, tales como IOMA, ARBA, Registro de las Personas, Instituto de Previsi\u00f3n Social, Ministerio de Mujeres y Patronato de Liberados, entre otros.<\/h4>\n<h4>Con esto, el Gobierno provincial busca mejorar la calidad de atenci\u00f3n al p\u00fablico, mediante sistemas orientados a la \u201cventanilla \u00fanica\u201d y la atenci\u00f3n personalizada, y brindar un espacio propio a los organismos que actualmente funcionan en edificios municipales<\/h4>\n<p>&nbsp;<\/p>\n<p><img loading=\"lazy\" class=\"alignnone size-full wp-image-4649\" src=\"https:\/\/observadorserrano.com.ar\/wp-content\/uploads\/2021\/08\/WhatsApp-Image-2021-08-20-at-12.17.41.jpeg\" alt=\"\" width=\"757\" height=\"1600\" srcset=\"https:\/\/observadorserrano.com.ar\/wp-content\/uploads\/2021\/08\/WhatsApp-Image-2021-08-20-at-12.17.41.jpeg 757w, https:\/\/observadorserrano.com.ar\/wp-content\/uploads\/2021\/08\/WhatsApp-Image-2021-08-20-at-12.17.41-142x300.jpeg 142w, https:\/\/observadorserrano.com.ar\/wp-content\/uploads\/2021\/08\/WhatsApp-Image-2021-08-20-at-12.17.41-484x1024.jpeg 484w, https:\/\/observadorserrano.com.ar\/wp-content\/uploads\/2021\/08\/WhatsApp-Image-2021-08-20-at-12.17.41-727x1536.jpeg 727w, https:\/\/observadorserrano.com.ar\/wp-content\/uploads\/2021\/08\/WhatsApp-Image-2021-08-20-at-12.17.41-166x350.jpeg 166w, https:\/\/observadorserrano.com.ar\/wp-content\/uploads\/2021\/08\/WhatsApp-Image-2021-08-20-at-12.17.41-750x1585.jpeg 750w\" sizes=\"(max-width: 757px) 100vw, 757px\" \/> <img loading=\"lazy\" class=\"alignnone size-full wp-image-4648\" src=\"https:\/\/observadorserrano.com.ar\/wp-content\/uploads\/2021\/08\/WhatsApp-Image-2021-08-20-at-12.09.20.jpeg\" alt=\"\" width=\"815\" height=\"1600\" srcset=\"https:\/\/observadorserrano.com.ar\/wp-content\/uploads\/2021\/08\/WhatsApp-Image-2021-08-20-at-12.09.20.jpeg 815w, https:\/\/observadorserrano.com.ar\/wp-content\/uploads\/2021\/08\/WhatsApp-Image-2021-08-20-at-12.09.20-153x300.jpeg 153w, https:\/\/observadorserrano.com.ar\/wp-content\/uploads\/2021\/08\/WhatsApp-Image-2021-08-20-at-12.09.20-768x1508.jpeg 768w, https:\/\/observadorserrano.com.ar\/wp-content\/uploads\/2021\/08\/WhatsApp-Image-2021-08-20-at-12.09.20-522x1024.jpeg 522w, https:\/\/observadorserrano.com.ar\/wp-content\/uploads\/2021\/08\/WhatsApp-Image-2021-08-20-at-12.09.20-782x1536.jpeg 782w, https:\/\/observadorserrano.com.ar\/wp-content\/uploads\/2021\/08\/WhatsApp-Image-2021-08-20-at-12.09.20-178x350.jpeg 178w, https:\/\/observadorserrano.com.ar\/wp-content\/uploads\/2021\/08\/WhatsApp-Image-2021-08-20-at-12.09.20-750x1472.jpeg 750w\" sizes=\"(max-width: 815px) 100vw, 815px\" \/> <img loading=\"lazy\" class=\"alignnone size-full wp-image-4647\" src=\"https:\/\/observadorserrano.com.ar\/wp-content\/uploads\/2021\/08\/WhatsApp-Image-2021-08-20-at-12.07.39.jpeg\" alt=\"\" width=\"757\" height=\"1600\" srcset=\"https:\/\/observadorserrano.com.ar\/wp-content\/uploads\/2021\/08\/WhatsApp-Image-2021-08-20-at-12.07.39.jpeg 757w, https:\/\/observadorserrano.com.ar\/wp-content\/uploads\/2021\/08\/WhatsApp-Image-2021-08-20-at-12.07.39-142x300.jpeg 142w, https:\/\/observadorserrano.com.ar\/wp-content\/uploads\/2021\/08\/WhatsApp-Image-2021-08-20-at-12.07.39-484x1024.jpeg 484w, https:\/\/observadorserrano.com.ar\/wp-content\/uploads\/2021\/08\/WhatsApp-Image-2021-08-20-at-12.07.39-727x1536.jpeg 727w, https:\/\/observadorserrano.com.ar\/wp-content\/uploads\/2021\/08\/WhatsApp-Image-2021-08-20-at-12.07.39-166x350.jpeg 166w, https:\/\/observadorserrano.com.ar\/wp-content\/uploads\/2021\/08\/WhatsApp-Image-2021-08-20-at-12.07.39-750x1585.jpeg 750w\" sizes=\"(max-width: 757px) 100vw, 757px\" \/><\/p>\n<\/div>","protected":false},"excerpt":{"rendered":"<p>El intendente Sergio Bordoni, particip\u00f3 este viernes por la ma\u00f1ana de la licitaci\u00f3n p\u00fablica realizada por el Ministerio de Infraestructura y Servicios P\u00fablicos para la construcci\u00f3n de una sede de la Casa de la Provincia en Tornquist. La futura dependencia provincial tiene como objetivo concentrar en un solo espacio todas las oficinas de los organismos [&hellip;]<\/p>\n","protected":false},"author":2,"featured_media":4647,"comment_status":"open","ping_status":"open","sticky":false,"template":"","format":"standard","meta":[],"categories":[18,43,45],"tags":[1061],"_links":{"self":[{"href":"https:\/\/observadorserrano.com.ar\/index.php?rest_route=\/wp\/v2\/posts\/4646"}],"collection":[{"href":"https:\/\/observadorserrano.com.ar\/index.php?rest_route=\/wp\/v2\/posts"}],"about":[{"href":"https:\/\/observadorserrano.com.ar\/index.php?rest_route=\/wp\/v2\/types\/post"}],"author":[{"embeddable":true,"href":"https:\/\/observadorserrano.com.ar\/index.php?rest_route=\/wp\/v2\/users\/2"}],"replies":[{"embeddable":true,"href":"https:\/\/observadorserrano.com.ar\/index.php?rest_route=%2Fwp%2Fv2%2Fcomments&post=4646"}],"version-history":[{"count":1,"href":"https:\/\/observadorserrano.com.ar\/index.php?rest_route=\/wp\/v2\/posts\/4646\/revisions"}],"predecessor-version":[{"id":4650,"href":"https:\/\/observadorserrano.com.ar\/index.php?rest_route=\/wp\/v2\/posts\/4646\/revisions\/4650"}],"wp:featuredmedia":[{"embeddable":true,"href":"https:\/\/observadorserrano.com.ar\/index.php?rest_route=\/wp\/v2\/media\/4647"}],"wp:attachment":[{"href":"https:\/\/observadorserrano.com.ar\/index.php?rest_route=%2Fwp%2Fv2%2Fmedia&parent=4646"}],"wp:term":[{"taxonomy":"category","embeddable":true,"href":"https:\/\/observadorserrano.com.ar\/index.php?rest_route=%2Fwp%2Fv2%2Fcategories&post=4646"},{"taxonomy":"post_tag","embeddable":true,"href":"https:\/\/observadorserrano.com.ar\/index.php?rest_route=%2Fwp%2Fv2%2Ftags&post=4646"}],"curies":[{"name":"wp","href":"https:\/\/api.w.org\/{rel}","templated":true}]}}