{"id":4772,"date":"2021-08-30T12:16:46","date_gmt":"2021-08-30T15:16:46","guid":{"rendered":"https:\/\/observadorserrano.com.ar\/?p=4772"},"modified":"2021-08-30T12:16:46","modified_gmt":"2021-08-30T15:16:46","slug":"un-camion-colisiono-con-un-vehiculo-en-el-cruce-de-la-33-y-76","status":"publish","type":"post","link":"https:\/\/observadorserrano.com.ar\/?p=4772","title":{"rendered":"Un cami\u00f3n colision\u00f3 con un veh\u00edculo en el cruce de la 33 y 76"},"content":{"rendered":"<div class=\"pf-content\"><h4>Alrededor de las 10:30 hs de hoy fueron convocados los Bomberos Voluntarios por un accidente registrado minutos antes en el cruce de las Ruta Nacional 33 y Provincial 76.<\/h4>\n<h4>En el lugar un auto marca Fias Siena dominio AB636OP, conducido por Gianfranco Aiello Roca, quien transportaba dos personas del sexo femenino, fue embestido por un cami\u00f3n Mercedez Benz (SDJ 956), con TOLVA Ombu KIR668, conducido por Alberto Rogelio Pazo (63), que se desplazaba sentido Bah\u00eda Blanca \u2013 Saavedra.<\/h4>\n<h4>Si bien restaban las pericias de rigor y, el testimonio del conductor del rodado mayor, el Fiat Siena salia de la rotonda en direcci\u00f3n a Bah\u00eda Blanca sin advertir el paso el cami\u00f3n.<\/h4>\n<h4>Pese a los intentos de frenado no pudo evitar embestir al veh\u00edculo menor que quedo muy da\u00f1ado y con sus cuatro cubiertas hacia arriba.<\/h4>\n<h4>El acoplado del cami\u00f3n qued\u00f3 literalmente cruzando la ruta y por algunos minutos fue necesario detener el tr\u00e1nsito para facilitar la tareas de los bomberos y personal del Hospital.<\/h4>\n<h4>Milagrosamente no hubo heridos de gravedad, aunque una de las personas que trasladaba Ahiello hab\u00eda quedado atrapada en el habit\u00e1culo del rodado y debi\u00f3 ser rescatada por los bomberos quienes utilizaron para tal fin herramientas de corte.<\/h4>\n<h4>Los heridos fueron trasladados al Hospital Municipal , inform\u00e1ndose que no presentaban riesgo de vida.<\/h4>\n<h4>Intervinieron dos dotaciones del Cuerpo de Bomberos Voluntarios de Tornquist, personal de la Polic\u00eda Comunal, Polic\u00eda Vial y ambulancias y personal del Hospital Municipal de Tornquist<\/h4>\n<p>&nbsp;<\/p>\n<div id='gallery-1' class='gallery galleryid-4772 gallery-columns-3 gallery-size-thumbnail'><figure class='gallery-item'>\n\t\t\t<div class='gallery-icon landscape'>\n\t\t\t\t<a href='https:\/\/observadorserrano.com.ar\/?attachment_id=4773'><img width=\"150\" height=\"150\" src=\"https:\/\/observadorserrano.com.ar\/wp-content\/uploads\/2021\/08\/IMG_6912-Medium-150x150.jpg\" class=\"attachment-thumbnail size-thumbnail\" alt=\"\" loading=\"lazy\" srcset=\"https:\/\/observadorserrano.com.ar\/wp-content\/uploads\/2021\/08\/IMG_6912-Medium-150x150.jpg 150w, https:\/\/observadorserrano.com.ar\/wp-content\/uploads\/2021\/08\/IMG_6912-Medium-75x75.jpg 75w\" sizes=\"(max-width: 150px) 100vw, 150px\" \/><\/a>\n\t\t\t<\/div><\/figure><figure class='gallery-item'>\n\t\t\t<div class='gallery-icon landscape'>\n\t\t\t\t<a href='https:\/\/observadorserrano.com.ar\/?attachment_id=4774'><img width=\"150\" height=\"150\" src=\"https:\/\/observadorserrano.com.ar\/wp-content\/uploads\/2021\/08\/IMG_6913-Medium-150x150.jpg\" class=\"attachment-thumbnail size-thumbnail\" alt=\"\" loading=\"lazy\" srcset=\"https:\/\/observadorserrano.com.ar\/wp-content\/uploads\/2021\/08\/IMG_6913-Medium-150x150.jpg 150w, https:\/\/observadorserrano.com.ar\/wp-content\/uploads\/2021\/08\/IMG_6913-Medium-75x75.jpg 75w\" sizes=\"(max-width: 150px) 100vw, 150px\" \/><\/a>\n\t\t\t<\/div><\/figure><figure class='gallery-item'>\n\t\t\t<div class='gallery-icon landscape'>\n\t\t\t\t<a href='https:\/\/observadorserrano.com.ar\/?attachment_id=4775'><img width=\"150\" height=\"150\" src=\"https:\/\/observadorserrano.com.ar\/wp-content\/uploads\/2021\/08\/IMG_6914-Medium-150x150.jpg\" class=\"attachment-thumbnail size-thumbnail\" alt=\"\" loading=\"lazy\" srcset=\"https:\/\/observadorserrano.com.ar\/wp-content\/uploads\/2021\/08\/IMG_6914-Medium-150x150.jpg 150w, https:\/\/observadorserrano.com.ar\/wp-content\/uploads\/2021\/08\/IMG_6914-Medium-75x75.jpg 75w\" sizes=\"(max-width: 150px) 100vw, 150px\" \/><\/a>\n\t\t\t<\/div><\/figure><figure class='gallery-item'>\n\t\t\t<div class='gallery-icon landscape'>\n\t\t\t\t<a href='https:\/\/observadorserrano.com.ar\/?attachment_id=4776'><img width=\"150\" height=\"150\" src=\"https:\/\/observadorserrano.com.ar\/wp-content\/uploads\/2021\/08\/IMG_6915-Medium-150x150.jpg\" class=\"attachment-thumbnail size-thumbnail\" alt=\"\" loading=\"lazy\" srcset=\"https:\/\/observadorserrano.com.ar\/wp-content\/uploads\/2021\/08\/IMG_6915-Medium-150x150.jpg 150w, https:\/\/observadorserrano.com.ar\/wp-content\/uploads\/2021\/08\/IMG_6915-Medium-75x75.jpg 75w\" sizes=\"(max-width: 150px) 100vw, 150px\" \/><\/a>\n\t\t\t<\/div><\/figure><figure class='gallery-item'>\n\t\t\t<div class='gallery-icon landscape'>\n\t\t\t\t<a href='https:\/\/observadorserrano.com.ar\/?attachment_id=4777'><img width=\"150\" height=\"150\" src=\"https:\/\/observadorserrano.com.ar\/wp-content\/uploads\/2021\/08\/IMG_6916-Medium-150x150.jpg\" class=\"attachment-thumbnail size-thumbnail\" alt=\"\" loading=\"lazy\" srcset=\"https:\/\/observadorserrano.com.ar\/wp-content\/uploads\/2021\/08\/IMG_6916-Medium-150x150.jpg 150w, https:\/\/observadorserrano.com.ar\/wp-content\/uploads\/2021\/08\/IMG_6916-Medium-75x75.jpg 75w\" sizes=\"(max-width: 150px) 100vw, 150px\" \/><\/a>\n\t\t\t<\/div><\/figure><figure class='gallery-item'>\n\t\t\t<div class='gallery-icon landscape'>\n\t\t\t\t<a href='https:\/\/observadorserrano.com.ar\/?attachment_id=4779'><img width=\"150\" height=\"150\" src=\"https:\/\/observadorserrano.com.ar\/wp-content\/uploads\/2021\/08\/IMG_6918-Medium-150x150.jpg\" class=\"attachment-thumbnail size-thumbnail\" alt=\"\" loading=\"lazy\" srcset=\"https:\/\/observadorserrano.com.ar\/wp-content\/uploads\/2021\/08\/IMG_6918-Medium-150x150.jpg 150w, https:\/\/observadorserrano.com.ar\/wp-content\/uploads\/2021\/08\/IMG_6918-Medium-75x75.jpg 75w\" sizes=\"(max-width: 150px) 100vw, 150px\" \/><\/a>\n\t\t\t<\/div><\/figure><figure class='gallery-item'>\n\t\t\t<div class='gallery-icon landscape'>\n\t\t\t\t<a href='https:\/\/observadorserrano.com.ar\/?attachment_id=4780'><img width=\"150\" height=\"150\" src=\"https:\/\/observadorserrano.com.ar\/wp-content\/uploads\/2021\/08\/IMG_6919-Medium-150x150.jpg\" class=\"attachment-thumbnail size-thumbnail\" alt=\"\" loading=\"lazy\" srcset=\"https:\/\/observadorserrano.com.ar\/wp-content\/uploads\/2021\/08\/IMG_6919-Medium-150x150.jpg 150w, https:\/\/observadorserrano.com.ar\/wp-content\/uploads\/2021\/08\/IMG_6919-Medium-75x75.jpg 75w\" sizes=\"(max-width: 150px) 100vw, 150px\" \/><\/a>\n\t\t\t<\/div><\/figure><figure class='gallery-item'>\n\t\t\t<div class='gallery-icon landscape'>\n\t\t\t\t<a href='https:\/\/observadorserrano.com.ar\/?attachment_id=4781'><img width=\"150\" height=\"150\" src=\"https:\/\/observadorserrano.com.ar\/wp-content\/uploads\/2021\/08\/IMG_6920-Medium-150x150.jpg\" class=\"attachment-thumbnail size-thumbnail\" alt=\"\" loading=\"lazy\" srcset=\"https:\/\/observadorserrano.com.ar\/wp-content\/uploads\/2021\/08\/IMG_6920-Medium-150x150.jpg 150w, https:\/\/observadorserrano.com.ar\/wp-content\/uploads\/2021\/08\/IMG_6920-Medium-75x75.jpg 75w\" sizes=\"(max-width: 150px) 100vw, 150px\" \/><\/a>\n\t\t\t<\/div><\/figure>\n\t\t<\/div>\n\n<p>&nbsp;<\/p>\n<\/div>","protected":false},"excerpt":{"rendered":"<p>Alrededor de las 10:30 hs de hoy fueron convocados los Bomberos Voluntarios por un accidente registrado minutos antes en el cruce de las Ruta Nacional 33 y Provincial 76. En el lugar un auto marca Fias Siena dominio AB636OP, conducido por Gianfranco Aiello Roca, quien transportaba dos personas del sexo femenino, fue embestido por un [&hellip;]<\/p>\n","protected":false},"author":2,"featured_media":4780,"comment_status":"open","ping_status":"open","sticky":false,"template":"","format":"standard","meta":[],"categories":[18,43,7],"tags":[1082],"_links":{"self":[{"href":"https:\/\/observadorserrano.com.ar\/index.php?rest_route=\/wp\/v2\/posts\/4772"}],"collection":[{"href":"https:\/\/observadorserrano.com.ar\/index.php?rest_route=\/wp\/v2\/posts"}],"about":[{"href":"https:\/\/observadorserrano.com.ar\/index.php?rest_route=\/wp\/v2\/types\/post"}],"author":[{"embeddable":true,"href":"https:\/\/observadorserrano.com.ar\/index.php?rest_route=\/wp\/v2\/users\/2"}],"replies":[{"embeddable":true,"href":"https:\/\/observadorserrano.com.ar\/index.php?rest_route=%2Fwp%2Fv2%2Fcomments&post=4772"}],"version-history":[{"count":1,"href":"https:\/\/observadorserrano.com.ar\/index.php?rest_route=\/wp\/v2\/posts\/4772\/revisions"}],"predecessor-version":[{"id":4782,"href":"https:\/\/observadorserrano.com.ar\/index.php?rest_route=\/wp\/v2\/posts\/4772\/revisions\/4782"}],"wp:featuredmedia":[{"embeddable":true,"href":"https:\/\/observadorserrano.com.ar\/index.php?rest_route=\/wp\/v2\/media\/4780"}],"wp:attachment":[{"href":"https:\/\/observadorserrano.com.ar\/index.php?rest_route=%2Fwp%2Fv2%2Fmedia&parent=4772"}],"wp:term":[{"taxonomy":"category","embeddable":true,"href":"https:\/\/observadorserrano.com.ar\/index.php?rest_route=%2Fwp%2Fv2%2Fcategories&post=4772"},{"taxonomy":"post_tag","embeddable":true,"href":"https:\/\/observadorserrano.com.ar\/index.php?rest_route=%2Fwp%2Fv2%2Ftags&post=4772"}],"curies":[{"name":"wp","href":"https:\/\/api.w.org\/{rel}","templated":true}]}}